
{"id":11256,"date":"2012-12-19T10:00:14","date_gmt":"2012-12-19T09:00:14","guid":{"rendered":"http:\/\/adamczewscy.pl\/?p=3809"},"modified":"2012-12-19T10:00:14","modified_gmt":"2012-12-19T09:00:14","slug":"salata-zielona-z-rozmaitosciami","status":"publish","type":"post","link":"https:\/\/blog.polityka.pl\/adamczewski\/2012\/12\/19\/salata-zielona-z-rozmaitosciami\/","title":{"rendered":"Sa\u0142ata zielona z rozmaito\u015bciami"},"content":{"rendered":"<p><em>Po trochu r\u00f3\u017cnych gatunk\u00f3w sa\u0142at, mo\u017ce by\u0107 tak\u017ce gotowa mieszanka, im wi\u0119cej r\u00f3\u017cnych sa\u0142at, tym smaczniej, du\u017cy pomidor, ? awokado, kawa\u0142ek zielonego og\u00f3rka, kawa\u0142ek czerwonej papryki, p\u00f3\u0142 marchwi krojonej w d\u0142ugie paski julienne przy pomocy specjalnego no\u017cyka lub po prostu pokrojona \u0142opatk\u0105 do sera lub obieraczk\u0105 w paski, male\u0144ka puszeczka kukurydzy, sos winegret<\/em><\/p>\n<p>1. Sa\u0142aty u\u0142o\u017cy\u0107 w du\u017cej misce lub na p\u00f3\u0142misku w taki spos\u00f3b, aby by\u0142y jak najbardziej wymieszane, doda\u0107 pokrojony w w\u0105skie cz\u0105stki pomidor, w paski awokado, papryk\u0119 w paseczki i og\u00f3rek w plasterki, doda\u0107 ods\u0105czon\u0105 kukurydz\u0119.<br \/>\n2. Wymiesza\u0107 w misce lub pouk\u0142ada\u0107 wszystkie kolorowe sk\u0142adniki na u\u0142o\u017conej na p\u00f3\u0142misku sa\u0142acie, wierzch przybra\u0107 paskami marchwi, pola\u0107 obficie winegretem. <\/p>\n","protected":false},"excerpt":{"rendered":"<p>Po trochu r\u00f3\u017cnych gatunk\u00f3w sa\u0142at, mo\u017ce by\u0107 tak\u017ce gotowa mieszanka, im wi\u0119cej r\u00f3\u017cnych sa\u0142at, tym smaczniej, du\u017cy pomidor, ? awokado, kawa\u0142ek zielonego og\u00f3rka, kawa\u0142ek czerwonej papryki, p\u00f3\u0142 marchwi krojonej w d\u0142ugie paski julienne przy pomocy specjalnego no\u017cyka lub po prostu pokrojona \u0142opatk\u0105 do sera lub obieraczk\u0105 w paski, male\u0144ka puszeczka kukurydzy, sos winegret 1. Sa\u0142aty [&hellip;]<\/p>\n","protected":false},"author":2,"featured_media":0,"comment_status":"open","ping_status":"open","sticky":false,"template":"","format":"standard","meta":{"footnotes":""},"categories":[1],"tags":[],"_links":{"self":[{"href":"https:\/\/blog.polityka.pl\/adamczewski\/wp-json\/wp\/v2\/posts\/11256"}],"collection":[{"href":"https:\/\/blog.polityka.pl\/adamczewski\/wp-json\/wp\/v2\/posts"}],"about":[{"href":"https:\/\/blog.polityka.pl\/adamczewski\/wp-json\/wp\/v2\/types\/post"}],"author":[{"embeddable":true,"href":"https:\/\/blog.polityka.pl\/adamczewski\/wp-json\/wp\/v2\/users\/2"}],"replies":[{"embeddable":true,"href":"https:\/\/blog.polityka.pl\/adamczewski\/wp-json\/wp\/v2\/comments?post=11256"}],"version-history":[{"count":0,"href":"https:\/\/blog.polityka.pl\/adamczewski\/wp-json\/wp\/v2\/posts\/11256\/revisions"}],"wp:attachment":[{"href":"https:\/\/blog.polityka.pl\/adamczewski\/wp-json\/wp\/v2\/media?parent=11256"}],"wp:term":[{"taxonomy":"category","embeddable":true,"href":"https:\/\/blog.polityka.pl\/adamczewski\/wp-json\/wp\/v2\/categories?post=11256"},{"taxonomy":"post_tag","embeddable":true,"href":"https:\/\/blog.polityka.pl\/adamczewski\/wp-json\/wp\/v2\/tags?post=11256"}],"curies":[{"name":"wp","href":"https:\/\/api.w.org\/{rel}","templated":true}]}}