
{"id":11258,"date":"2013-01-03T14:06:56","date_gmt":"2013-01-03T13:06:56","guid":{"rendered":"http:\/\/adamczewscy.pl\/?p=3836"},"modified":"2013-01-03T14:06:56","modified_gmt":"2013-01-03T13:06:56","slug":"papryka-zapiekana-z-serami","status":"publish","type":"post","link":"https:\/\/blog.polityka.pl\/adamczewski\/2013\/01\/03\/papryka-zapiekana-z-serami\/","title":{"rendered":"Papryka zapiekana z serami"},"content":{"rendered":"<p><em>8 r\u00f3\u017cnokolorowych papryk, 6 \u0142y\u017cek oliwy, 20 dag mozzarelli, 25 dag jakiegokolwiek sera w\u0119dzonego, s\u00f3l, pieprz<br \/>\nDo posypania potrawy: 4 \u0142y\u017cki s\u0142onecznika, 2 \u0142y\u017cki posiekanej zielonej pietruszki<\/em><\/p>\n<p>1. Papryki umy\u0107, osuszy\u0107, poprzekrawa\u0107 na po\u0142\u00f3wki, usun\u0105\u0107 gniazda nasienne, posmarowa\u0107 papryki oliw\u0105 i u\u0142o\u017cy \u0107 stron\u0105 przekrojon\u0105  do do\u0142u na wy\u0142o\u017conej pergaminem do pieczenia blaszce. Piec  w nagrzanym do 180 st. C piekarniku oko\u0142o 10 minut.<br \/>\n2. Sery pokroi\u0107 w plasterki.<br \/>\n3. Wyj\u0119te z piekarnika papryki odwr\u00f3ci\u0107  przekrojem do g\u00f3ry, na\u0142o\u017cy\u0107 do str\u0105k\u00f3w sery  i zapieka\u0107 w piekarniku dalsze 12 minut.<br \/>\n4. W czasie pieczenia papryk upra\u017cy\u0107 s\u0142onecznik na suchej patelni.<br \/>\n5. Gotowe papryki po wyj\u0119ciu z piekarnika posypa\u0107 nasionami s\u0142onecznika i zielon\u0105 pietruszk\u0105.<br \/>\nPotraw\u0119  mo\u017cna poda\u0107 z gotowanymi ziemniakami lub frytkami.<\/p>\n","protected":false},"excerpt":{"rendered":"<p>8 r\u00f3\u017cnokolorowych papryk, 6 \u0142y\u017cek oliwy, 20 dag mozzarelli, 25 dag jakiegokolwiek sera w\u0119dzonego, s\u00f3l, pieprz Do posypania potrawy: 4 \u0142y\u017cki s\u0142onecznika, 2 \u0142y\u017cki posiekanej zielonej pietruszki 1. Papryki umy\u0107, osuszy\u0107, poprzekrawa\u0107 na po\u0142\u00f3wki, usun\u0105\u0107 gniazda nasienne, posmarowa\u0107 papryki oliw\u0105 i u\u0142o\u017cy \u0107 stron\u0105 przekrojon\u0105 do do\u0142u na wy\u0142o\u017conej pergaminem do pieczenia blaszce. Piec w [&hellip;]<\/p>\n","protected":false},"author":2,"featured_media":0,"comment_status":"open","ping_status":"open","sticky":false,"template":"","format":"standard","meta":{"footnotes":""},"categories":[1],"tags":[],"_links":{"self":[{"href":"https:\/\/blog.polityka.pl\/adamczewski\/wp-json\/wp\/v2\/posts\/11258"}],"collection":[{"href":"https:\/\/blog.polityka.pl\/adamczewski\/wp-json\/wp\/v2\/posts"}],"about":[{"href":"https:\/\/blog.polityka.pl\/adamczewski\/wp-json\/wp\/v2\/types\/post"}],"author":[{"embeddable":true,"href":"https:\/\/blog.polityka.pl\/adamczewski\/wp-json\/wp\/v2\/users\/2"}],"replies":[{"embeddable":true,"href":"https:\/\/blog.polityka.pl\/adamczewski\/wp-json\/wp\/v2\/comments?post=11258"}],"version-history":[{"count":0,"href":"https:\/\/blog.polityka.pl\/adamczewski\/wp-json\/wp\/v2\/posts\/11258\/revisions"}],"wp:attachment":[{"href":"https:\/\/blog.polityka.pl\/adamczewski\/wp-json\/wp\/v2\/media?parent=11258"}],"wp:term":[{"taxonomy":"category","embeddable":true,"href":"https:\/\/blog.polityka.pl\/adamczewski\/wp-json\/wp\/v2\/categories?post=11258"},{"taxonomy":"post_tag","embeddable":true,"href":"https:\/\/blog.polityka.pl\/adamczewski\/wp-json\/wp\/v2\/tags?post=11258"}],"curies":[{"name":"wp","href":"https:\/\/api.w.org\/{rel}","templated":true}]}}