
{"id":11260,"date":"2013-01-03T14:08:19","date_gmt":"2013-01-03T13:08:19","guid":{"rendered":"http:\/\/adamczewscy.pl\/?p=3841"},"modified":"2013-01-03T14:08:19","modified_gmt":"2013-01-03T13:08:19","slug":"kurczak-w-ciescie-francuskim","status":"publish","type":"post","link":"https:\/\/blog.polityka.pl\/adamczewski\/2013\/01\/03\/kurczak-w-ciescie-francuskim\/","title":{"rendered":"Kurczak w cie\u015bcie francuskim"},"content":{"rendered":"<p><em>Opakowanie gotowego ciasta francuskiego, podw\u00f3jny filet z piersi kurczaka, 6 plasterk\u00f3w szynki szwarcwaldzkiej lub szpeku (mo\u017ce by\u0107 tak\u017ce krojony cienko surowy chudy boczek), 2 plasterki \u017c\u00f3\u0142tego sera, najlepiej goudy, pieprz, \u0142y\u017cka startego sera \u017c\u00f3\u0142tego do posypania wierzchu<\/em><\/p>\n<p>1. Umyte mi\u0119so osuszy\u0107, przekroi\u0107  podw\u00f3jn\u0105 pier\u015b na po\u0142owy, ponakrywa\u0107 uko\u015bnie wierzch ka\u017cdej cz\u0119\u015bci.<br \/>\n2. W naci\u0119cia wierzchu powk\u0142ada\u0107 po kawa\u0142eczku sera  \u017c\u00f3\u0142tego i szynki.<br \/>\n3. P\u0142at ciasta francuskiego podzieli\u0107 na dwie cz\u0119\u015bci, na ka\u017cdej u\u0142o\u017cy\u0107 plasterek szynki, przygotowany filet, na nim kolejny plasterek szynki. Posypa\u0107 lekko pieprzem<br \/>\n4. Ciasto sklei\u0107, ale naci\u0105\u0107 wierzch na tyle g\u0142\u0119boko, aby mog\u0142a uj\u015b\u0107 przez otwory para z piek\u0105cego si\u0119  mi\u0119sa.<br \/>\n5. W piekarniku nagrzanym do temperatury 180 st. C piec  oko\u0142o 30 minut, po czym posypa\u0107 wierzchy  lekko startym serem i dopieka\u0107 jeszcze 10 minut.<\/p>\n","protected":false},"excerpt":{"rendered":"<p>Opakowanie gotowego ciasta francuskiego, podw\u00f3jny filet z piersi kurczaka, 6 plasterk\u00f3w szynki szwarcwaldzkiej lub szpeku (mo\u017ce by\u0107 tak\u017ce krojony cienko surowy chudy boczek), 2 plasterki \u017c\u00f3\u0142tego sera, najlepiej goudy, pieprz, \u0142y\u017cka startego sera \u017c\u00f3\u0142tego do posypania wierzchu 1. Umyte mi\u0119so osuszy\u0107, przekroi\u0107 podw\u00f3jn\u0105 pier\u015b na po\u0142owy, ponakrywa\u0107 uko\u015bnie wierzch ka\u017cdej cz\u0119\u015bci. 2. W naci\u0119cia wierzchu [&hellip;]<\/p>\n","protected":false},"author":2,"featured_media":0,"comment_status":"open","ping_status":"open","sticky":false,"template":"","format":"standard","meta":{"footnotes":""},"categories":[1],"tags":[],"_links":{"self":[{"href":"https:\/\/blog.polityka.pl\/adamczewski\/wp-json\/wp\/v2\/posts\/11260"}],"collection":[{"href":"https:\/\/blog.polityka.pl\/adamczewski\/wp-json\/wp\/v2\/posts"}],"about":[{"href":"https:\/\/blog.polityka.pl\/adamczewski\/wp-json\/wp\/v2\/types\/post"}],"author":[{"embeddable":true,"href":"https:\/\/blog.polityka.pl\/adamczewski\/wp-json\/wp\/v2\/users\/2"}],"replies":[{"embeddable":true,"href":"https:\/\/blog.polityka.pl\/adamczewski\/wp-json\/wp\/v2\/comments?post=11260"}],"version-history":[{"count":0,"href":"https:\/\/blog.polityka.pl\/adamczewski\/wp-json\/wp\/v2\/posts\/11260\/revisions"}],"wp:attachment":[{"href":"https:\/\/blog.polityka.pl\/adamczewski\/wp-json\/wp\/v2\/media?parent=11260"}],"wp:term":[{"taxonomy":"category","embeddable":true,"href":"https:\/\/blog.polityka.pl\/adamczewski\/wp-json\/wp\/v2\/categories?post=11260"},{"taxonomy":"post_tag","embeddable":true,"href":"https:\/\/blog.polityka.pl\/adamczewski\/wp-json\/wp\/v2\/tags?post=11260"}],"curies":[{"name":"wp","href":"https:\/\/api.w.org\/{rel}","templated":true}]}}