
{"id":11262,"date":"2013-01-11T11:44:02","date_gmt":"2013-01-11T10:44:02","guid":{"rendered":"http:\/\/adamczewscy.pl\/?p=3875"},"modified":"2013-01-11T11:44:02","modified_gmt":"2013-01-11T10:44:02","slug":"ryzowa-zapiekanka","status":"publish","type":"post","link":"https:\/\/blog.polityka.pl\/adamczewski\/2013\/01\/11\/ryzowa-zapiekanka\/","title":{"rendered":"Ry\u017cowa zapiekanka"},"content":{"rendered":"<p><em>2 szklanki ugotowanego ry\u017cu, 1,5 szklanki startego na grubej tarce jarzynowej \u017c\u00f3\u0142tego sera, 2 kulki mozzarelli, 2 twarde pomidory, \u0142y\u017cka listk\u00f3w \u015bwie\u017cego tymianku lub \u0142y\u017ceczka suszonego<br \/>\nNa sos: 2 \u0142y\u017cki mas\u0142a, 2 \u0142y\u017cki m\u0105ki,1,5 szklanki mleka, s\u00f3l, pieprz<br \/>\nDo posmarowania formy: \u0142y\u017cka mas\u0142a<\/em><\/p>\n<p>1. Mas\u0142o rozpu\u015bci\u0107 w rondelku, doda\u0107 m\u0105k\u0119 i gdy zbieleje oraz spieni si\u0119 wlewa\u0107 mleko mieszaj\u0105c energicznie. Kiedy sos zacznie g\u0119stnie\u0107  doda\u0107  s\u00f3l i pieprz.<br \/>\n2. Ry\u017c wymiesza\u0107 z sosem, startym serem i ewentualnie doprawi\u0107 jeszcze sol\u0105 i pieprzem. Prze\u0142o\u017cy\u0107 ry\u017c do wysmarowanej mas\u0142em \u017caroodpornej formy, na wierzchu pouk\u0142ada\u0107 pokrojon\u0105  w plastry mozzarell\u0119 i pokrojone tak\u017ce plasterki pomidory, posypa\u0107 tymiankiem.<br \/>\n3. Piekarnik nagrza\u0107 do 200 st. C i zapieka\u0107 potraw\u0119 oko\u0142o 15 minut. Potrawa doskonale smakuje tak\u017ce na zimno.<\/p>\n","protected":false},"excerpt":{"rendered":"<p>2 szklanki ugotowanego ry\u017cu, 1,5 szklanki startego na grubej tarce jarzynowej \u017c\u00f3\u0142tego sera, 2 kulki mozzarelli, 2 twarde pomidory, \u0142y\u017cka listk\u00f3w \u015bwie\u017cego tymianku lub \u0142y\u017ceczka suszonego Na sos: 2 \u0142y\u017cki mas\u0142a, 2 \u0142y\u017cki m\u0105ki,1,5 szklanki mleka, s\u00f3l, pieprz Do posmarowania formy: \u0142y\u017cka mas\u0142a 1. Mas\u0142o rozpu\u015bci\u0107 w rondelku, doda\u0107 m\u0105k\u0119 i gdy zbieleje oraz spieni [&hellip;]<\/p>\n","protected":false},"author":2,"featured_media":0,"comment_status":"open","ping_status":"open","sticky":false,"template":"","format":"standard","meta":{"footnotes":""},"categories":[1],"tags":[],"_links":{"self":[{"href":"https:\/\/blog.polityka.pl\/adamczewski\/wp-json\/wp\/v2\/posts\/11262"}],"collection":[{"href":"https:\/\/blog.polityka.pl\/adamczewski\/wp-json\/wp\/v2\/posts"}],"about":[{"href":"https:\/\/blog.polityka.pl\/adamczewski\/wp-json\/wp\/v2\/types\/post"}],"author":[{"embeddable":true,"href":"https:\/\/blog.polityka.pl\/adamczewski\/wp-json\/wp\/v2\/users\/2"}],"replies":[{"embeddable":true,"href":"https:\/\/blog.polityka.pl\/adamczewski\/wp-json\/wp\/v2\/comments?post=11262"}],"version-history":[{"count":0,"href":"https:\/\/blog.polityka.pl\/adamczewski\/wp-json\/wp\/v2\/posts\/11262\/revisions"}],"wp:attachment":[{"href":"https:\/\/blog.polityka.pl\/adamczewski\/wp-json\/wp\/v2\/media?parent=11262"}],"wp:term":[{"taxonomy":"category","embeddable":true,"href":"https:\/\/blog.polityka.pl\/adamczewski\/wp-json\/wp\/v2\/categories?post=11262"},{"taxonomy":"post_tag","embeddable":true,"href":"https:\/\/blog.polityka.pl\/adamczewski\/wp-json\/wp\/v2\/tags?post=11262"}],"curies":[{"name":"wp","href":"https:\/\/api.w.org\/{rel}","templated":true}]}}