
{"id":11263,"date":"2013-01-11T11:47:12","date_gmt":"2013-01-11T10:47:12","guid":{"rendered":"http:\/\/adamczewscy.pl\/?p=3877"},"modified":"2013-01-11T11:47:12","modified_gmt":"2013-01-11T10:47:12","slug":"piers-kaczki-ze-smazonymi-jablkami","status":"publish","type":"post","link":"https:\/\/blog.polityka.pl\/adamczewski\/2013\/01\/11\/piers-kaczki-ze-smazonymi-jablkami\/","title":{"rendered":"Pier\u015b kaczki ze sma\u017conymi jab\u0142kami"},"content":{"rendered":"<p><a href=\"http:\/\/adamczewscy.pl\/wp-content\/uploads\/2013\/01\/kaczkatrawa.jpg\"><img loading=\"lazy\" decoding=\"async\" src=\"http:\/\/adamczewscy.pl\/wp-content\/uploads\/2013\/01\/kaczkatrawa.jpg\" alt=\"\" title=\"OLYMPUS DIGITAL CAMERA\" width=\"400\" height=\"300\" class=\"alignnone size-full wp-image-3885\" \/><\/a><\/p>\n<p><em>2 piersi kaczki, du\u017ca pomara\u0144cza,  cebula, 2 z\u0105bki czosnku, 2 twarde, soczyste jab\u0142ka, 100 g mas\u0142a,  s\u00f3l, pieprz, mi\u00f3d <\/em><\/p>\n<p>1. Jab\u0142ka pokroi\u0107 na \u0107wiartki, usun\u0105\u0107 gniazda nasienne, pokroi\u0107 na \u00f3semki. Nie obiera\u0107 ze sk\u00f3rki!<br \/>\n2. Pier\u015b z kaczki naci\u0105\u0107  od strony sk\u00f3ry w krateczk\u0119 do g\u0142\u0119boko\u015bci mi\u0119sa. Od strony mi\u0119sa doprawi\u0107 sol\u0105, pieprzem i start\u0105 sk\u00f3rk\u0105 pomara\u0144czy. U\u0142o\u017cy\u0107 na zimnej patelni, sk\u00f3r\u0105 do do\u0142u. Podgrzewa\u0107. Poczeka\u0107, a\u017c t\u0142uszcz od strony sk\u00f3ry \u0142adnie si\u0119 wytopi, dorzuci\u0107  rozgnieciony czosnek. Przewr\u00f3ci\u0107  na drug\u0105 stron\u0119 i podsma\u017cy\u0107 mi\u0119so. Podsma\u017cone piersi kaczki u\u0142o\u017cy\u0107 w \u017caroodpornym naczyniu i wstawi\u0107  do pieca nagrzanego do 180\u00b0C na 15 ? 20 minut.<br \/>\n 3. Na patelni po kaczce u\u0142o\u017cy\u0107  pokrojone jab\u0142ka, do\u0142o\u017cy\u0107  pokrojon\u0105 w pi\u00f3rka cebul\u0119, doda\u0107 troch\u0119 mas\u0142a i sma\u017cy\u0107. Je\u015bli jab\u0142ka s\u0105 do\u015b\u0107 kwa\u015bne, warto doda\u0107 \u0142y\u017ceczk\u0119 miodu.<br \/>\n4. Wyj\u0105\u0107 podsma\u017cone jab\u0142ka, zostawiaj\u0105c cebul\u0119. Do cebuli doda\u0107   sok wyci\u015bni\u0119ty z pomara\u0144czy. Do\u0142o\u017cy\u0107 kawa\u0142ki mas\u0142a i delikatnie podgrza\u0107, poruszaj\u0105c patelni\u0105. Kiedy sos zg\u0119stnieje, zn\u00f3w w\u0142o\u017cy\u0107 na patelni\u0119 jab\u0142ka.<br \/>\n5. Upieczone piersi kaczki pokroi\u0107 w plastry, u\u0142o\u017cy\u0107 na p\u00f3\u0142misku, pola\u0107 sosem i ob\u0142o\u017cy\u0107  podsma\u017conymi jab\u0142kami.<\/p>\n","protected":false},"excerpt":{"rendered":"<p>2 piersi kaczki, du\u017ca pomara\u0144cza, cebula, 2 z\u0105bki czosnku, 2 twarde, soczyste jab\u0142ka, 100 g mas\u0142a, s\u00f3l, pieprz, mi\u00f3d 1. Jab\u0142ka pokroi\u0107 na \u0107wiartki, usun\u0105\u0107 gniazda nasienne, pokroi\u0107 na \u00f3semki. Nie obiera\u0107 ze sk\u00f3rki! 2. Pier\u015b z kaczki naci\u0105\u0107 od strony sk\u00f3ry w krateczk\u0119 do g\u0142\u0119boko\u015bci mi\u0119sa. Od strony mi\u0119sa doprawi\u0107 sol\u0105, pieprzem i start\u0105 [&hellip;]<\/p>\n","protected":false},"author":2,"featured_media":0,"comment_status":"open","ping_status":"open","sticky":false,"template":"","format":"standard","meta":{"footnotes":""},"categories":[1],"tags":[],"_links":{"self":[{"href":"https:\/\/blog.polityka.pl\/adamczewski\/wp-json\/wp\/v2\/posts\/11263"}],"collection":[{"href":"https:\/\/blog.polityka.pl\/adamczewski\/wp-json\/wp\/v2\/posts"}],"about":[{"href":"https:\/\/blog.polityka.pl\/adamczewski\/wp-json\/wp\/v2\/types\/post"}],"author":[{"embeddable":true,"href":"https:\/\/blog.polityka.pl\/adamczewski\/wp-json\/wp\/v2\/users\/2"}],"replies":[{"embeddable":true,"href":"https:\/\/blog.polityka.pl\/adamczewski\/wp-json\/wp\/v2\/comments?post=11263"}],"version-history":[{"count":0,"href":"https:\/\/blog.polityka.pl\/adamczewski\/wp-json\/wp\/v2\/posts\/11263\/revisions"}],"wp:attachment":[{"href":"https:\/\/blog.polityka.pl\/adamczewski\/wp-json\/wp\/v2\/media?parent=11263"}],"wp:term":[{"taxonomy":"category","embeddable":true,"href":"https:\/\/blog.polityka.pl\/adamczewski\/wp-json\/wp\/v2\/categories?post=11263"},{"taxonomy":"post_tag","embeddable":true,"href":"https:\/\/blog.polityka.pl\/adamczewski\/wp-json\/wp\/v2\/tags?post=11263"}],"curies":[{"name":"wp","href":"https:\/\/api.w.org\/{rel}","templated":true}]}}