
{"id":11264,"date":"2013-01-11T11:49:04","date_gmt":"2013-01-11T10:49:04","guid":{"rendered":"http:\/\/adamczewscy.pl\/?p=3879"},"modified":"2013-01-11T11:49:04","modified_gmt":"2013-01-11T10:49:04","slug":"kapusniak-pekinski","status":"publish","type":"post","link":"https:\/\/blog.polityka.pl\/adamczewski\/2013\/01\/11\/kapusniak-pekinski\/","title":{"rendered":"Kapu\u015bniak peki\u0144ski"},"content":{"rendered":"<p><em>4 szklanki roso\u0142u (mo\u017ce by\u0107 z kostki), 2 marchwie, 1\/2  \u015bredniej kapusty peki\u0144skiej, 2 ziemniaki, 2 ma\u0142e cebule, 2 \u0142y\u017ceczki koncentratu pomidorowego, 2 \u0142y\u017cki oleju, s\u00f3l lub vegeta<\/em><\/p>\n<p>1. Marchew i ziemniaki obra\u0107, pokroi\u0107 w kostk\u0119, kapust\u0119 poszatkowa\u0107  i w 4 szklankach roso\u0142u gotowa\u0107 warzywa 25 minut.<br \/>\n2. Cebule obra\u0107 i posieka\u0107, podsma\u017cy\u0107 na rozgrzanym oleju, doda\u0107 koncentrat pomidorowy i doda\u0107 do zupy doprawiaj\u0105c wszystko sol\u0105 lub, lepiej, veget\u0105.<\/p>\n","protected":false},"excerpt":{"rendered":"<p>4 szklanki roso\u0142u (mo\u017ce by\u0107 z kostki), 2 marchwie, 1\/2 \u015bredniej kapusty peki\u0144skiej, 2 ziemniaki, 2 ma\u0142e cebule, 2 \u0142y\u017ceczki koncentratu pomidorowego, 2 \u0142y\u017cki oleju, s\u00f3l lub vegeta 1. Marchew i ziemniaki obra\u0107, pokroi\u0107 w kostk\u0119, kapust\u0119 poszatkowa\u0107 i w 4 szklankach roso\u0142u gotowa\u0107 warzywa 25 minut. 2. Cebule obra\u0107 i posieka\u0107, podsma\u017cy\u0107 na rozgrzanym [&hellip;]<\/p>\n","protected":false},"author":2,"featured_media":0,"comment_status":"open","ping_status":"open","sticky":false,"template":"","format":"standard","meta":{"footnotes":""},"categories":[1],"tags":[],"_links":{"self":[{"href":"https:\/\/blog.polityka.pl\/adamczewski\/wp-json\/wp\/v2\/posts\/11264"}],"collection":[{"href":"https:\/\/blog.polityka.pl\/adamczewski\/wp-json\/wp\/v2\/posts"}],"about":[{"href":"https:\/\/blog.polityka.pl\/adamczewski\/wp-json\/wp\/v2\/types\/post"}],"author":[{"embeddable":true,"href":"https:\/\/blog.polityka.pl\/adamczewski\/wp-json\/wp\/v2\/users\/2"}],"replies":[{"embeddable":true,"href":"https:\/\/blog.polityka.pl\/adamczewski\/wp-json\/wp\/v2\/comments?post=11264"}],"version-history":[{"count":0,"href":"https:\/\/blog.polityka.pl\/adamczewski\/wp-json\/wp\/v2\/posts\/11264\/revisions"}],"wp:attachment":[{"href":"https:\/\/blog.polityka.pl\/adamczewski\/wp-json\/wp\/v2\/media?parent=11264"}],"wp:term":[{"taxonomy":"category","embeddable":true,"href":"https:\/\/blog.polityka.pl\/adamczewski\/wp-json\/wp\/v2\/categories?post=11264"},{"taxonomy":"post_tag","embeddable":true,"href":"https:\/\/blog.polityka.pl\/adamczewski\/wp-json\/wp\/v2\/tags?post=11264"}],"curies":[{"name":"wp","href":"https:\/\/api.w.org\/{rel}","templated":true}]}}