
{"id":11265,"date":"2013-01-11T11:49:41","date_gmt":"2013-01-11T10:49:41","guid":{"rendered":"http:\/\/adamczewscy.pl\/?p=3881"},"modified":"2013-01-11T11:49:41","modified_gmt":"2013-01-11T10:49:41","slug":"filety-z-soli-z-sosem-camembert","status":"publish","type":"post","link":"https:\/\/blog.polityka.pl\/adamczewski\/2013\/01\/11\/filety-z-soli-z-sosem-camembert\/","title":{"rendered":"Filety z soli z sosem camembert"},"content":{"rendered":"<p><em>4 filety z soli, 1,5 \u0142y\u017cki mas\u0142a, 2 \u0142y\u017ceczki soku cytrynowego, s\u00f3l, pieprz, 2 \u0142y\u017cki m\u0105ki, szklanka \u015bmietany \u0142y\u017cka siekanej zielonej pietruszki<\/em><\/p>\n<p>1.Filety z soli posypa\u0107 sol\u0105, pieprzem i  usma\u017cy\u0107 na ma\u015ble. Zdj\u0105\u0107 z patelni i trzyma\u0107 w cieple, pokropi\u0107 lekko cytryn\u0105.<br \/>\n2.Pokrojony na drobne kawa\u0142eczki ser w\u0142o\u017cy\u0107 do garnuszka, wla\u0107 \u015bmietan\u0119 i podgrzewa\u0107 mieszaj\u0105c, a\u017c  ser si\u0119 roztopi. Doprawi\u0107 sol\u0105 i pieprzem.<br \/>\n3.U\u0142o\u017cone na p\u00f3\u0142misku gor\u0105ce filety pola\u0107 sosem i posypa\u0107 wierzch potrawy siekan\u0105 zielon\u0105 pietruszk\u0105.<\/p>\n","protected":false},"excerpt":{"rendered":"<p>4 filety z soli, 1,5 \u0142y\u017cki mas\u0142a, 2 \u0142y\u017ceczki soku cytrynowego, s\u00f3l, pieprz, 2 \u0142y\u017cki m\u0105ki, szklanka \u015bmietany \u0142y\u017cka siekanej zielonej pietruszki 1.Filety z soli posypa\u0107 sol\u0105, pieprzem i usma\u017cy\u0107 na ma\u015ble. Zdj\u0105\u0107 z patelni i trzyma\u0107 w cieple, pokropi\u0107 lekko cytryn\u0105. 2.Pokrojony na drobne kawa\u0142eczki ser w\u0142o\u017cy\u0107 do garnuszka, wla\u0107 \u015bmietan\u0119 i podgrzewa\u0107 mieszaj\u0105c, [&hellip;]<\/p>\n","protected":false},"author":2,"featured_media":0,"comment_status":"open","ping_status":"open","sticky":false,"template":"","format":"standard","meta":{"footnotes":""},"categories":[1],"tags":[],"_links":{"self":[{"href":"https:\/\/blog.polityka.pl\/adamczewski\/wp-json\/wp\/v2\/posts\/11265"}],"collection":[{"href":"https:\/\/blog.polityka.pl\/adamczewski\/wp-json\/wp\/v2\/posts"}],"about":[{"href":"https:\/\/blog.polityka.pl\/adamczewski\/wp-json\/wp\/v2\/types\/post"}],"author":[{"embeddable":true,"href":"https:\/\/blog.polityka.pl\/adamczewski\/wp-json\/wp\/v2\/users\/2"}],"replies":[{"embeddable":true,"href":"https:\/\/blog.polityka.pl\/adamczewski\/wp-json\/wp\/v2\/comments?post=11265"}],"version-history":[{"count":0,"href":"https:\/\/blog.polityka.pl\/adamczewski\/wp-json\/wp\/v2\/posts\/11265\/revisions"}],"wp:attachment":[{"href":"https:\/\/blog.polityka.pl\/adamczewski\/wp-json\/wp\/v2\/media?parent=11265"}],"wp:term":[{"taxonomy":"category","embeddable":true,"href":"https:\/\/blog.polityka.pl\/adamczewski\/wp-json\/wp\/v2\/categories?post=11265"},{"taxonomy":"post_tag","embeddable":true,"href":"https:\/\/blog.polityka.pl\/adamczewski\/wp-json\/wp\/v2\/tags?post=11265"}],"curies":[{"name":"wp","href":"https:\/\/api.w.org\/{rel}","templated":true}]}}