
{"id":11266,"date":"2013-01-11T11:50:47","date_gmt":"2013-01-11T10:50:47","guid":{"rendered":"http:\/\/adamczewscy.pl\/?p=3883"},"modified":"2013-01-11T11:50:47","modified_gmt":"2013-01-11T10:50:47","slug":"biszkopt-z-kremem-kokosowym","status":"publish","type":"post","link":"https:\/\/blog.polityka.pl\/adamczewski\/2013\/01\/11\/biszkopt-z-kremem-kokosowym\/","title":{"rendered":"Biszkopt z kremem kokosowym"},"content":{"rendered":"<p><em>2 szklanki mleka, 1\/2 szklanki cukru, 2 czerstwe bu\u0142ki, najlepiej kajzerki, szklanka wi\u00f3rk\u00f3w  kokosowych, kostka mas\u0142a, gotowy biszkopt <\/em><\/p>\n<p>1. Zagotowa\u0107 mleko, doda\u0107 wi\u00f3rki kokosowe, cukier i pokruszone kajzerki. Mieszaj\u0105c zagotowa\u0107 raz jeszcze. Ostudzi\u0107.<br \/>\n2. Mas\u0142o utrze\u0107 r\u0119cznym mikserem dodaj\u0105c po trochu zimn\u0105  mas\u0119 bu\u0142kowo-mleczn\u0105.<br \/>\n3. Posmarowa\u0107 kremem biszkopt.<\/p>\n<p>Uwaga, na biszkopcie mo\u017cna u\u0142o\u017cy\u0107 owoce z konfitury os\u0105czone z soku, na nich dopiero krem, ale tak\u017ce bez tego dodatku szybki deser b\u0119dzie doskona\u0142y.<\/p>\n","protected":false},"excerpt":{"rendered":"<p>2 szklanki mleka, 1\/2 szklanki cukru, 2 czerstwe bu\u0142ki, najlepiej kajzerki, szklanka wi\u00f3rk\u00f3w kokosowych, kostka mas\u0142a, gotowy biszkopt 1. Zagotowa\u0107 mleko, doda\u0107 wi\u00f3rki kokosowe, cukier i pokruszone kajzerki. Mieszaj\u0105c zagotowa\u0107 raz jeszcze. Ostudzi\u0107. 2. Mas\u0142o utrze\u0107 r\u0119cznym mikserem dodaj\u0105c po trochu zimn\u0105 mas\u0119 bu\u0142kowo-mleczn\u0105. 3. Posmarowa\u0107 kremem biszkopt. Uwaga, na biszkopcie mo\u017cna u\u0142o\u017cy\u0107 owoce z [&hellip;]<\/p>\n","protected":false},"author":2,"featured_media":0,"comment_status":"open","ping_status":"open","sticky":false,"template":"","format":"standard","meta":{"footnotes":""},"categories":[1],"tags":[],"_links":{"self":[{"href":"https:\/\/blog.polityka.pl\/adamczewski\/wp-json\/wp\/v2\/posts\/11266"}],"collection":[{"href":"https:\/\/blog.polityka.pl\/adamczewski\/wp-json\/wp\/v2\/posts"}],"about":[{"href":"https:\/\/blog.polityka.pl\/adamczewski\/wp-json\/wp\/v2\/types\/post"}],"author":[{"embeddable":true,"href":"https:\/\/blog.polityka.pl\/adamczewski\/wp-json\/wp\/v2\/users\/2"}],"replies":[{"embeddable":true,"href":"https:\/\/blog.polityka.pl\/adamczewski\/wp-json\/wp\/v2\/comments?post=11266"}],"version-history":[{"count":0,"href":"https:\/\/blog.polityka.pl\/adamczewski\/wp-json\/wp\/v2\/posts\/11266\/revisions"}],"wp:attachment":[{"href":"https:\/\/blog.polityka.pl\/adamczewski\/wp-json\/wp\/v2\/media?parent=11266"}],"wp:term":[{"taxonomy":"category","embeddable":true,"href":"https:\/\/blog.polityka.pl\/adamczewski\/wp-json\/wp\/v2\/categories?post=11266"},{"taxonomy":"post_tag","embeddable":true,"href":"https:\/\/blog.polityka.pl\/adamczewski\/wp-json\/wp\/v2\/tags?post=11266"}],"curies":[{"name":"wp","href":"https:\/\/api.w.org\/{rel}","templated":true}]}}