
{"id":11267,"date":"2013-01-18T14:09:03","date_gmt":"2013-01-18T13:09:03","guid":{"rendered":"http:\/\/adamczewscy.pl\/?p=3896"},"modified":"2013-01-18T14:09:03","modified_gmt":"2013-01-18T13:09:03","slug":"drozdzowy-leniuch-z-owocami","status":"publish","type":"post","link":"https:\/\/blog.polityka.pl\/adamczewski\/2013\/01\/18\/drozdzowy-leniuch-z-owocami\/","title":{"rendered":"Dro\u017cd\u017cowy leniuch z owocami"},"content":{"rendered":"<p><em>Na ciasto: 10 dag dro\u017cd\u017cy, 1,5 szklanki cukru, 5 jaj,  0,5 szklanki oleju, 10 dag mas\u0142a, szklanka gor\u0105cego mleka, 3,5 szklanki m\u0105ki (70 dag)<br \/>\nNa kruszonk\u0119: 3 \u0142y\u017cki mas\u0142a, 3 \u0142y\u017cki cukru, 3\/4 szklanki m\u0105ki<br \/>\nDowolne owoce (mog\u0105 by\u0107 rozmro\u017cone i ods\u0105czone z soku \u015bliwki i wi\u015bnie)<\/em><\/p>\n<p>1. W wysokim naczyniu u\u0142o\u017cy\u0107 warstw\u0119 pokruszonych dro\u017cd\u017cy, posypa\u0107 je po\u0142ow\u0105 szklanki cukru, na cukier wyla\u0107 rozbe\u0142tane jaja, olej oraz u\u0142o\u017cy\u0107  posiekane mas\u0142o. Zala\u0107 ca\u0142o\u015b\u0107 szklank\u0105 gor\u0105cego mleka i odstawi\u0107 na 3 godziny, nie mieszaj\u0105c.<br \/>\n2. Zagnie\u015b\u0107 sk\u0142adniki kruszonki i pokruszy\u0107 je.<br \/>\n3. Po up\u0142ywie tego czasu wsypa\u0107 m\u0105k\u0119 i pozosta\u0142y cukier i dopiero teraz wszystko wymiesza\u0107.<br \/>\n4. Na blaszce wy\u0142o\u017conej papierem do pieczenia  umie\u015bci\u0107 ciasto, wyr\u00f3wna\u0107 wierzch, pouk\u0142ada\u0107 owoce. Posypa\u0107 obficie kruszonk\u0105.<br \/>\n5. Wstawi\u0107 ciasto do piekarnika nagrzanego do temperatury 160 st. C i piec 40 minut.<\/p>\n","protected":false},"excerpt":{"rendered":"<p>Na ciasto: 10 dag dro\u017cd\u017cy, 1,5 szklanki cukru, 5 jaj, 0,5 szklanki oleju, 10 dag mas\u0142a, szklanka gor\u0105cego mleka, 3,5 szklanki m\u0105ki (70 dag) Na kruszonk\u0119: 3 \u0142y\u017cki mas\u0142a, 3 \u0142y\u017cki cukru, 3\/4 szklanki m\u0105ki Dowolne owoce (mog\u0105 by\u0107 rozmro\u017cone i ods\u0105czone z soku \u015bliwki i wi\u015bnie) 1. W wysokim naczyniu u\u0142o\u017cy\u0107 warstw\u0119 pokruszonych dro\u017cd\u017cy, [&hellip;]<\/p>\n","protected":false},"author":2,"featured_media":0,"comment_status":"open","ping_status":"open","sticky":false,"template":"","format":"standard","meta":{"footnotes":""},"categories":[1],"tags":[],"_links":{"self":[{"href":"https:\/\/blog.polityka.pl\/adamczewski\/wp-json\/wp\/v2\/posts\/11267"}],"collection":[{"href":"https:\/\/blog.polityka.pl\/adamczewski\/wp-json\/wp\/v2\/posts"}],"about":[{"href":"https:\/\/blog.polityka.pl\/adamczewski\/wp-json\/wp\/v2\/types\/post"}],"author":[{"embeddable":true,"href":"https:\/\/blog.polityka.pl\/adamczewski\/wp-json\/wp\/v2\/users\/2"}],"replies":[{"embeddable":true,"href":"https:\/\/blog.polityka.pl\/adamczewski\/wp-json\/wp\/v2\/comments?post=11267"}],"version-history":[{"count":0,"href":"https:\/\/blog.polityka.pl\/adamczewski\/wp-json\/wp\/v2\/posts\/11267\/revisions"}],"wp:attachment":[{"href":"https:\/\/blog.polityka.pl\/adamczewski\/wp-json\/wp\/v2\/media?parent=11267"}],"wp:term":[{"taxonomy":"category","embeddable":true,"href":"https:\/\/blog.polityka.pl\/adamczewski\/wp-json\/wp\/v2\/categories?post=11267"},{"taxonomy":"post_tag","embeddable":true,"href":"https:\/\/blog.polityka.pl\/adamczewski\/wp-json\/wp\/v2\/tags?post=11267"}],"curies":[{"name":"wp","href":"https:\/\/api.w.org\/{rel}","templated":true}]}}