
{"id":11269,"date":"2013-01-18T14:14:40","date_gmt":"2013-01-18T13:14:40","guid":{"rendered":"http:\/\/adamczewscy.pl\/?p=3901"},"modified":"2013-01-18T14:14:40","modified_gmt":"2013-01-18T13:14:40","slug":"omlet-z-bananami","status":"publish","type":"post","link":"https:\/\/blog.polityka.pl\/adamczewski\/2013\/01\/18\/omlet-z-bananami\/","title":{"rendered":"Omlet z bananami"},"content":{"rendered":"<p><em>Na biszkopt: 4 jajka, 3 \u0142y\u017cki cukru pudru, 2 \u0142y\u017cki m\u0105ki pszennej, do sma\u017cenia p\u00f3\u0142 \u0142y\u017cki klarowanego mas\u0142a<br \/>\nNa nadzienie: pomara\u0144cza, 2 banany, 3 \u0142y\u017ceczki cukru,  \u0142y\u017cka mas\u0142a<br \/>\nDo posypania omletu: \u0142y\u017cka cukru pudru<\/em><\/p>\n<p>1. Banany obra\u0107 ze sk\u00f3rki, pokroi\u0107 w plastry. Pomara\u0144cz\u0119 obra\u0107 ze sk\u00f3rki i pokroi\u0107 w p\u00f3\u0142plasterki.<br \/>\n2. Rozgrza\u0107 mas\u0142o i podsma\u017ca\u0107 pokrojone owoce, doda\u0107 cukier i sma\u017cy\u0107, a\u017c si\u0119 rozpu\u015bci i zacznie karmelizowa\u0107 (zbr\u0105zowieje).<br \/>\n3. Utrze\u0107 \u017c\u00f3\u0142tka z cukrem pudrem. Ubi\u0107 sztywn\u0105 pian\u0119 z  bia\u0142ek doda\u0107 utarte \u017c\u00f3\u0142tka i m\u0105k\u0119, wymiesza\u0107.<br \/>\n4. Na patelni rozgrza\u0107 klarowane mas\u0142o, wyla\u0107  mas\u0119 jajeczn\u0105 i usma\u017cy\u0107 omlet.<br \/>\n5. Kiedy omlet jest usma\u017cony z obu stron, u\u0142o\u017cy\u0107 na nim podsma\u017cone owoce, z\u0142o\u017cy\u0107 na p\u00f3\u0142 i poda\u0107 posypany lekko cukrem pudrem.<\/p>\n","protected":false},"excerpt":{"rendered":"<p>Na biszkopt: 4 jajka, 3 \u0142y\u017cki cukru pudru, 2 \u0142y\u017cki m\u0105ki pszennej, do sma\u017cenia p\u00f3\u0142 \u0142y\u017cki klarowanego mas\u0142a Na nadzienie: pomara\u0144cza, 2 banany, 3 \u0142y\u017ceczki cukru, \u0142y\u017cka mas\u0142a Do posypania omletu: \u0142y\u017cka cukru pudru 1. Banany obra\u0107 ze sk\u00f3rki, pokroi\u0107 w plastry. Pomara\u0144cz\u0119 obra\u0107 ze sk\u00f3rki i pokroi\u0107 w p\u00f3\u0142plasterki. 2. Rozgrza\u0107 mas\u0142o i podsma\u017ca\u0107 [&hellip;]<\/p>\n","protected":false},"author":2,"featured_media":0,"comment_status":"open","ping_status":"open","sticky":false,"template":"","format":"standard","meta":{"footnotes":""},"categories":[1],"tags":[],"_links":{"self":[{"href":"https:\/\/blog.polityka.pl\/adamczewski\/wp-json\/wp\/v2\/posts\/11269"}],"collection":[{"href":"https:\/\/blog.polityka.pl\/adamczewski\/wp-json\/wp\/v2\/posts"}],"about":[{"href":"https:\/\/blog.polityka.pl\/adamczewski\/wp-json\/wp\/v2\/types\/post"}],"author":[{"embeddable":true,"href":"https:\/\/blog.polityka.pl\/adamczewski\/wp-json\/wp\/v2\/users\/2"}],"replies":[{"embeddable":true,"href":"https:\/\/blog.polityka.pl\/adamczewski\/wp-json\/wp\/v2\/comments?post=11269"}],"version-history":[{"count":0,"href":"https:\/\/blog.polityka.pl\/adamczewski\/wp-json\/wp\/v2\/posts\/11269\/revisions"}],"wp:attachment":[{"href":"https:\/\/blog.polityka.pl\/adamczewski\/wp-json\/wp\/v2\/media?parent=11269"}],"wp:term":[{"taxonomy":"category","embeddable":true,"href":"https:\/\/blog.polityka.pl\/adamczewski\/wp-json\/wp\/v2\/categories?post=11269"},{"taxonomy":"post_tag","embeddable":true,"href":"https:\/\/blog.polityka.pl\/adamczewski\/wp-json\/wp\/v2\/tags?post=11269"}],"curies":[{"name":"wp","href":"https:\/\/api.w.org\/{rel}","templated":true}]}}