
{"id":11270,"date":"2013-01-18T14:15:28","date_gmt":"2013-01-18T13:15:28","guid":{"rendered":"http:\/\/adamczewscy.pl\/?p=3903"},"modified":"2013-01-18T14:15:28","modified_gmt":"2013-01-18T13:15:28","slug":"kotlety-ryzowo-jajeczne","status":"publish","type":"post","link":"https:\/\/blog.polityka.pl\/adamczewski\/2013\/01\/18\/kotlety-ryzowo-jajeczne\/","title":{"rendered":"Kotlety ry\u017cowo-jajeczne"},"content":{"rendered":"<p><em>Szklanka ugotowanego ry\u017cu, 3 jajka na twardo, 4 dymki, 3 &#8211; 4 \u0142y\u017cki posiekanej lub pokrojonej  w drobn\u0105 kostk\u0119 czerwonej papryki, 3  \u0142y\u017cki siekanej zielonej pietruszki, \u0142y\u017ceczka przyprawy chi\u0144skiej ?5 smak\u00f3w?, s\u00f3l, pieprz<br \/>\nDo panierowania: 3 \u0142y\u017cki tartej bu\u0142ki<br \/>\nDo sma\u017cenia: 1\/2 szklanki oleju<\/em><\/p>\n<p>1. Jajka na twardo obra\u0107 ze skorupek i zmiksowa\u0107 razem z ugotowanym ry\u017cem.<br \/>\n2. Posieka\u0107 dymk\u0119 i podsma\u017cy\u0107 na \u0142y\u017cce oleju, doda\u0107 posiekan\u0105 papryk\u0119  i 5 minut sma\u017cy\u0107 wszystko razem.<br \/>\n3. Do masy ry\u017cowo-jajecznej doda\u0107 podsma\u017con\u0105 dymk\u0119 z papryk\u0105 oraz siekan\u0105 zielon\u0105 pietruszk\u0119. Mas\u0119  wyrobi\u0107 dodaj\u0105c do smaku s\u00f3l i pieprz.<br \/>\n4. Formowa\u0107 niewielkie owalne kotleciki, panierowa\u0107 je w tartej bu\u0142ce i sma\u017cy\u0107 na rozgrzanym oleju na rumiano.<br \/>\nDoskonale smakuj\u0105 z ziemniakami puree. Jako dodatek &#8211; chrzan.<\/p>\n","protected":false},"excerpt":{"rendered":"<p>Szklanka ugotowanego ry\u017cu, 3 jajka na twardo, 4 dymki, 3 &#8211; 4 \u0142y\u017cki posiekanej lub pokrojonej w drobn\u0105 kostk\u0119 czerwonej papryki, 3 \u0142y\u017cki siekanej zielonej pietruszki, \u0142y\u017ceczka przyprawy chi\u0144skiej ?5 smak\u00f3w?, s\u00f3l, pieprz Do panierowania: 3 \u0142y\u017cki tartej bu\u0142ki Do sma\u017cenia: 1\/2 szklanki oleju 1. Jajka na twardo obra\u0107 ze skorupek i zmiksowa\u0107 razem z [&hellip;]<\/p>\n","protected":false},"author":2,"featured_media":0,"comment_status":"open","ping_status":"open","sticky":false,"template":"","format":"standard","meta":{"footnotes":""},"categories":[1],"tags":[],"_links":{"self":[{"href":"https:\/\/blog.polityka.pl\/adamczewski\/wp-json\/wp\/v2\/posts\/11270"}],"collection":[{"href":"https:\/\/blog.polityka.pl\/adamczewski\/wp-json\/wp\/v2\/posts"}],"about":[{"href":"https:\/\/blog.polityka.pl\/adamczewski\/wp-json\/wp\/v2\/types\/post"}],"author":[{"embeddable":true,"href":"https:\/\/blog.polityka.pl\/adamczewski\/wp-json\/wp\/v2\/users\/2"}],"replies":[{"embeddable":true,"href":"https:\/\/blog.polityka.pl\/adamczewski\/wp-json\/wp\/v2\/comments?post=11270"}],"version-history":[{"count":0,"href":"https:\/\/blog.polityka.pl\/adamczewski\/wp-json\/wp\/v2\/posts\/11270\/revisions"}],"wp:attachment":[{"href":"https:\/\/blog.polityka.pl\/adamczewski\/wp-json\/wp\/v2\/media?parent=11270"}],"wp:term":[{"taxonomy":"category","embeddable":true,"href":"https:\/\/blog.polityka.pl\/adamczewski\/wp-json\/wp\/v2\/categories?post=11270"},{"taxonomy":"post_tag","embeddable":true,"href":"https:\/\/blog.polityka.pl\/adamczewski\/wp-json\/wp\/v2\/tags?post=11270"}],"curies":[{"name":"wp","href":"https:\/\/api.w.org\/{rel}","templated":true}]}}