
{"id":11271,"date":"2013-01-25T08:15:13","date_gmt":"2013-01-25T07:15:13","guid":{"rendered":"http:\/\/adamczewscy.pl\/?p=3915"},"modified":"2013-01-25T08:15:13","modified_gmt":"2013-01-25T07:15:13","slug":"zupa-ziolowa-z-jajkami-na-twardo","status":"publish","type":"post","link":"https:\/\/blog.polityka.pl\/adamczewski\/2013\/01\/25\/zupa-ziolowa-z-jajkami-na-twardo\/","title":{"rendered":"Zupa zio\u0142owa z jajkami na twardo"},"content":{"rendered":"<p><em>Po 5 \u0142y\u017cek posiekanego koperku, szczypiorku zielonej pietruszki i \u015bwie\u017cego estragonu, 2 \u0142y\u017cki mas\u0142a klarowanego, 2 p\u0142askie \u0142y\u017cki m\u0105ki, 2 &#8211; 3 szklanki bulionu (mo\u017ce by\u0107 warzywny bulion z kostki), szklanka jogurtu naturalnego, sok z cytryny, s\u00f3l i mielony bia\u0142y pieprz do smaku, cukier wed\u0142ug gustu<br \/>\nJako dodatek pokrojone na po\u0142\u00f3wki jajka na twardo i 4 \u0142y\u017cki kie\u0142k\u00f3w lucerny<\/em><\/p>\n<p>1. W garnku rozpu\u015bci\u0107 mas\u0142o, doda\u0107 m\u0105k\u0119 i kiedy spieni si\u0119 i zbieleje wla\u0107 bulion, kiedy zawrze &#8211; gotowa\u0107 5 minut, po czym zmiksowa\u0107 zup\u0119, doda\u0107 mieszaj\u0105c jogurt i zn\u00f3w podgrza\u0107.<br \/>\n2. Zup\u0119 doprawi\u0107 sol\u0105, cukrem i sokiem cytrynowym oraz pieprzem.<br \/>\n3. Podawa\u0107 w bulion\u00f3wkach, do ka\u017cdej w\u0142o\u017cy\u0107 2 po\u0142\u00f3wki jajka na twardo, wierzch przybra\u0107 kie\u0142kami. <\/p>\n","protected":false},"excerpt":{"rendered":"<p>Po 5 \u0142y\u017cek posiekanego koperku, szczypiorku zielonej pietruszki i \u015bwie\u017cego estragonu, 2 \u0142y\u017cki mas\u0142a klarowanego, 2 p\u0142askie \u0142y\u017cki m\u0105ki, 2 &#8211; 3 szklanki bulionu (mo\u017ce by\u0107 warzywny bulion z kostki), szklanka jogurtu naturalnego, sok z cytryny, s\u00f3l i mielony bia\u0142y pieprz do smaku, cukier wed\u0142ug gustu Jako dodatek pokrojone na po\u0142\u00f3wki jajka na twardo i [&hellip;]<\/p>\n","protected":false},"author":2,"featured_media":0,"comment_status":"open","ping_status":"open","sticky":false,"template":"","format":"standard","meta":{"footnotes":""},"categories":[1],"tags":[],"_links":{"self":[{"href":"https:\/\/blog.polityka.pl\/adamczewski\/wp-json\/wp\/v2\/posts\/11271"}],"collection":[{"href":"https:\/\/blog.polityka.pl\/adamczewski\/wp-json\/wp\/v2\/posts"}],"about":[{"href":"https:\/\/blog.polityka.pl\/adamczewski\/wp-json\/wp\/v2\/types\/post"}],"author":[{"embeddable":true,"href":"https:\/\/blog.polityka.pl\/adamczewski\/wp-json\/wp\/v2\/users\/2"}],"replies":[{"embeddable":true,"href":"https:\/\/blog.polityka.pl\/adamczewski\/wp-json\/wp\/v2\/comments?post=11271"}],"version-history":[{"count":0,"href":"https:\/\/blog.polityka.pl\/adamczewski\/wp-json\/wp\/v2\/posts\/11271\/revisions"}],"wp:attachment":[{"href":"https:\/\/blog.polityka.pl\/adamczewski\/wp-json\/wp\/v2\/media?parent=11271"}],"wp:term":[{"taxonomy":"category","embeddable":true,"href":"https:\/\/blog.polityka.pl\/adamczewski\/wp-json\/wp\/v2\/categories?post=11271"},{"taxonomy":"post_tag","embeddable":true,"href":"https:\/\/blog.polityka.pl\/adamczewski\/wp-json\/wp\/v2\/tags?post=11271"}],"curies":[{"name":"wp","href":"https:\/\/api.w.org\/{rel}","templated":true}]}}