
{"id":11273,"date":"2013-01-25T08:19:49","date_gmt":"2013-01-25T07:19:49","guid":{"rendered":"http:\/\/adamczewscy.pl\/?p=3919"},"modified":"2013-01-25T08:19:49","modified_gmt":"2013-01-25T07:19:49","slug":"orzechowy-placek-z-wisniami","status":"publish","type":"post","link":"https:\/\/blog.polityka.pl\/adamczewski\/2013\/01\/25\/orzechowy-placek-z-wisniami\/","title":{"rendered":"Orzechowy placek z wi\u015bniami"},"content":{"rendered":"<p><em>12 dag mas\u0142a, 1,5 szklanki m\u0105ki, p\u0142aska szklanka cukru pudru, 1\/2 \u0142y\u017cki cynamonu, szczypta soli<br \/>\nNa wierzch: 2 bia\u0142ka, 3 \u0142y\u017cki cukru pudru, 12 dag mielonych orzech\u00f3w laskowych<br \/>\nDo dekoracji wierzchu: szklanka os\u0105czonych wi\u015bni mro\u017conych lub z kompotu, 4 \u0142y\u017cki cukru pudru<\/em><\/p>\n<p>1. Zmiksowa\u0107 m\u0105k\u0119 z jajkiem, mas\u0142em i cukrem oraz szczypt\u0105 soli i cynamonu. Wstawi\u0107 na 30 minut do lod\u00f3wki.<br \/>\n2. Wyj\u0119te z lod\u00f3wki ciasto rozwa\u0142kowa\u0107 wy\u0142o\u017cy\u0107 nim dno oraz na centymetr wysoko\u015bci boki tortownicy.<br \/>\n3. Ubi\u0107 bia\u0142ka z cukrem, wymiesza\u0107 z mielonymi orzechami.<br \/>\n4. Posmarowa\u0107 ciasto mas\u0105 bia\u0142kowo &#8211; orzechow\u0105, pouk\u0142ada\u0107 na wierzchu wi\u015bnie.<br \/>\n5. W piekarniku nagrzanym do 200 st. C piec ciasto 30 minut, po czym zmniejszy\u0107 temperatur\u0119 do 160 st.  i piec dalsze 20 minut.<br \/>\n6. Ostudzone ciasto posypa\u0107 obficie cukrem pudrem. <\/p>\n","protected":false},"excerpt":{"rendered":"<p>12 dag mas\u0142a, 1,5 szklanki m\u0105ki, p\u0142aska szklanka cukru pudru, 1\/2 \u0142y\u017cki cynamonu, szczypta soli Na wierzch: 2 bia\u0142ka, 3 \u0142y\u017cki cukru pudru, 12 dag mielonych orzech\u00f3w laskowych Do dekoracji wierzchu: szklanka os\u0105czonych wi\u015bni mro\u017conych lub z kompotu, 4 \u0142y\u017cki cukru pudru 1. Zmiksowa\u0107 m\u0105k\u0119 z jajkiem, mas\u0142em i cukrem oraz szczypt\u0105 soli i cynamonu. [&hellip;]<\/p>\n","protected":false},"author":2,"featured_media":0,"comment_status":"open","ping_status":"open","sticky":false,"template":"","format":"standard","meta":{"footnotes":""},"categories":[1],"tags":[],"_links":{"self":[{"href":"https:\/\/blog.polityka.pl\/adamczewski\/wp-json\/wp\/v2\/posts\/11273"}],"collection":[{"href":"https:\/\/blog.polityka.pl\/adamczewski\/wp-json\/wp\/v2\/posts"}],"about":[{"href":"https:\/\/blog.polityka.pl\/adamczewski\/wp-json\/wp\/v2\/types\/post"}],"author":[{"embeddable":true,"href":"https:\/\/blog.polityka.pl\/adamczewski\/wp-json\/wp\/v2\/users\/2"}],"replies":[{"embeddable":true,"href":"https:\/\/blog.polityka.pl\/adamczewski\/wp-json\/wp\/v2\/comments?post=11273"}],"version-history":[{"count":0,"href":"https:\/\/blog.polityka.pl\/adamczewski\/wp-json\/wp\/v2\/posts\/11273\/revisions"}],"wp:attachment":[{"href":"https:\/\/blog.polityka.pl\/adamczewski\/wp-json\/wp\/v2\/media?parent=11273"}],"wp:term":[{"taxonomy":"category","embeddable":true,"href":"https:\/\/blog.polityka.pl\/adamczewski\/wp-json\/wp\/v2\/categories?post=11273"},{"taxonomy":"post_tag","embeddable":true,"href":"https:\/\/blog.polityka.pl\/adamczewski\/wp-json\/wp\/v2\/tags?post=11273"}],"curies":[{"name":"wp","href":"https:\/\/api.w.org\/{rel}","templated":true}]}}