
{"id":11275,"date":"2013-01-25T08:26:33","date_gmt":"2013-01-25T07:26:33","guid":{"rendered":"http:\/\/adamczewscy.pl\/?p=3924"},"modified":"2013-01-25T08:26:33","modified_gmt":"2013-01-25T07:26:33","slug":"kotlet-schabowy-pod-zoltym-serem","status":"publish","type":"post","link":"https:\/\/blog.polityka.pl\/adamczewski\/2013\/01\/25\/kotlet-schabowy-pod-zoltym-serem\/","title":{"rendered":"Kotlet schabowy pod \u017c\u00f3\u0142tym serem"},"content":{"rendered":"<p><a href=\"http:\/\/adamczewscy.pl\/wp-content\/uploads\/2013\/01\/Schabowe-pod-+-+-+\u00e9tym-serem.jpg\"><img loading=\"lazy\" decoding=\"async\" src=\"http:\/\/adamczewscy.pl\/wp-content\/uploads\/2013\/01\/Schabowe-pod-+-+-+\u00e9tym-serem.jpg\" alt=\"\" title=\"OLYMPUS DIGITAL CAMERA\" width=\"400\" height=\"300\" class=\"alignnone size-full wp-image-3925\" \/><\/a><\/p>\n<p><em>4 kotlety schabowe bez kostki, oliwa, s\u00f3l, pieprz, ocet balsamiczny (bia\u0142y), czosnek, 4 plastry ementalera lub innego ostrego sera<\/em><\/p>\n<p>1. Kotlety delikatnie rozbi\u0107 nadaj\u0105c im owalny kszta\u0142t. Posoli\u0107, posypa\u0107 \u015bwie\u017co zmielonym pieprzem, skropi\u0107 octem balsamicznym i ob\u0142o\u017cy\u0107 czosnkiem pokrojonym w plasterki. Od\u0142o\u017cy\u0107 w ch\u0142odne miejsce na 2 godziny.<br \/>\n2. Rozgrza\u0107 oliw\u0119 na patelni i u\u0142o\u017cy\u0107 na niej kotlety zrzuciwszy uprzednio czosnek. Sma\u017cy\u0107 po 3 minuty z ka\u017cdej strony.<br \/>\n3. Po\u0142o\u017cy\u0107 na ka\u017cdym kotlecie plaster sera i w\u0142o\u017cy\u0107 patelni\u0119 (dostosowan\u0105 do piekarnika) do pieca rozgrzanego do 190 st. C. Gdy ser rozpu\u015bci si\u0119 i otuli ca\u0142e mi\u0119so &#8211; podawa\u0107. <\/p>\n","protected":false},"excerpt":{"rendered":"<p>4 kotlety schabowe bez kostki, oliwa, s\u00f3l, pieprz, ocet balsamiczny (bia\u0142y), czosnek, 4 plastry ementalera lub innego ostrego sera 1. Kotlety delikatnie rozbi\u0107 nadaj\u0105c im owalny kszta\u0142t. Posoli\u0107, posypa\u0107 \u015bwie\u017co zmielonym pieprzem, skropi\u0107 octem balsamicznym i ob\u0142o\u017cy\u0107 czosnkiem pokrojonym w plasterki. Od\u0142o\u017cy\u0107 w ch\u0142odne miejsce na 2 godziny. 2. Rozgrza\u0107 oliw\u0119 na patelni i u\u0142o\u017cy\u0107 [&hellip;]<\/p>\n","protected":false},"author":2,"featured_media":0,"comment_status":"open","ping_status":"open","sticky":false,"template":"","format":"standard","meta":{"footnotes":""},"categories":[1],"tags":[],"_links":{"self":[{"href":"https:\/\/blog.polityka.pl\/adamczewski\/wp-json\/wp\/v2\/posts\/11275"}],"collection":[{"href":"https:\/\/blog.polityka.pl\/adamczewski\/wp-json\/wp\/v2\/posts"}],"about":[{"href":"https:\/\/blog.polityka.pl\/adamczewski\/wp-json\/wp\/v2\/types\/post"}],"author":[{"embeddable":true,"href":"https:\/\/blog.polityka.pl\/adamczewski\/wp-json\/wp\/v2\/users\/2"}],"replies":[{"embeddable":true,"href":"https:\/\/blog.polityka.pl\/adamczewski\/wp-json\/wp\/v2\/comments?post=11275"}],"version-history":[{"count":0,"href":"https:\/\/blog.polityka.pl\/adamczewski\/wp-json\/wp\/v2\/posts\/11275\/revisions"}],"wp:attachment":[{"href":"https:\/\/blog.polityka.pl\/adamczewski\/wp-json\/wp\/v2\/media?parent=11275"}],"wp:term":[{"taxonomy":"category","embeddable":true,"href":"https:\/\/blog.polityka.pl\/adamczewski\/wp-json\/wp\/v2\/categories?post=11275"},{"taxonomy":"post_tag","embeddable":true,"href":"https:\/\/blog.polityka.pl\/adamczewski\/wp-json\/wp\/v2\/tags?post=11275"}],"curies":[{"name":"wp","href":"https:\/\/api.w.org\/{rel}","templated":true}]}}