
{"id":11276,"date":"2013-02-01T07:47:37","date_gmt":"2013-02-01T06:47:37","guid":{"rendered":"http:\/\/adamczewscy.pl\/?p=3937"},"modified":"2013-02-01T07:47:37","modified_gmt":"2013-02-01T06:47:37","slug":"zupa-z-soczewicy-2","status":"publish","type":"post","link":"https:\/\/blog.polityka.pl\/adamczewski\/2013\/02\/01\/zupa-z-soczewicy-2\/","title":{"rendered":"Zupa z soczewicy (2)"},"content":{"rendered":"<p><em>1,5 szklanki soczewicy, 2 cebule, 3 marchwie, ma\u0142y seler, pietruszka, 2 \u0142y\u017cki koncentratu pomidorowego, 3 \u0142y\u017cki przyprawy maggi, 2 z\u0105bki czosnku, 3 \u0142y\u017cki oliwy, 2 \u0142y\u017ceczki majeranku, \u0142y\u017ceczka suszonego cz\u0105bru, 5 \u0142y\u017cek siekanej zielonej pietruszki, pieprz, s\u00f3l<\/em><\/p>\n<p>1. Soczewic\u0119 zala\u0107 8 szklankami wrz\u0105cej lekko osolonej wody i gotowa\u0107 na ma\u0142ym ogniu.<br \/>\n2. Cebul\u0119 posieka\u0107 i poddusi\u0107 na oliwie po czym doda\u0107 do gotuj\u0105cej si\u0119 soczewicy.<br \/>\n3. Pozosta\u0142e warzywa zetrze\u0107 na jarzynowej tarce i doda\u0107 do zupy.<br \/>\n4. Kiedy soczewica b\u0119dzie prawie mi\u0119kka doda\u0107 koncentrat pomidorowy, przypraw\u0119 maggi i przeci\u015bni\u0119ty przez prask\u0119 czosnek.<br \/>\n5. Kiedy soczewica zupe\u0142nie zmi\u0119knie &#8211; doprawi\u0107 cz\u0105brem, pieprzem i majerankiem.<br \/>\n6. Podawa\u0107 zup\u0119 posypan\u0105 siekan\u0105 zielon\u0105 pietruszk\u0105. <\/p>\n","protected":false},"excerpt":{"rendered":"<p>1,5 szklanki soczewicy, 2 cebule, 3 marchwie, ma\u0142y seler, pietruszka, 2 \u0142y\u017cki koncentratu pomidorowego, 3 \u0142y\u017cki przyprawy maggi, 2 z\u0105bki czosnku, 3 \u0142y\u017cki oliwy, 2 \u0142y\u017ceczki majeranku, \u0142y\u017ceczka suszonego cz\u0105bru, 5 \u0142y\u017cek siekanej zielonej pietruszki, pieprz, s\u00f3l 1. Soczewic\u0119 zala\u0107 8 szklankami wrz\u0105cej lekko osolonej wody i gotowa\u0107 na ma\u0142ym ogniu. 2. Cebul\u0119 posieka\u0107 i [&hellip;]<\/p>\n","protected":false},"author":2,"featured_media":0,"comment_status":"open","ping_status":"open","sticky":false,"template":"","format":"standard","meta":{"footnotes":""},"categories":[1],"tags":[],"_links":{"self":[{"href":"https:\/\/blog.polityka.pl\/adamczewski\/wp-json\/wp\/v2\/posts\/11276"}],"collection":[{"href":"https:\/\/blog.polityka.pl\/adamczewski\/wp-json\/wp\/v2\/posts"}],"about":[{"href":"https:\/\/blog.polityka.pl\/adamczewski\/wp-json\/wp\/v2\/types\/post"}],"author":[{"embeddable":true,"href":"https:\/\/blog.polityka.pl\/adamczewski\/wp-json\/wp\/v2\/users\/2"}],"replies":[{"embeddable":true,"href":"https:\/\/blog.polityka.pl\/adamczewski\/wp-json\/wp\/v2\/comments?post=11276"}],"version-history":[{"count":0,"href":"https:\/\/blog.polityka.pl\/adamczewski\/wp-json\/wp\/v2\/posts\/11276\/revisions"}],"wp:attachment":[{"href":"https:\/\/blog.polityka.pl\/adamczewski\/wp-json\/wp\/v2\/media?parent=11276"}],"wp:term":[{"taxonomy":"category","embeddable":true,"href":"https:\/\/blog.polityka.pl\/adamczewski\/wp-json\/wp\/v2\/categories?post=11276"},{"taxonomy":"post_tag","embeddable":true,"href":"https:\/\/blog.polityka.pl\/adamczewski\/wp-json\/wp\/v2\/tags?post=11276"}],"curies":[{"name":"wp","href":"https:\/\/api.w.org\/{rel}","templated":true}]}}