
{"id":11277,"date":"2013-02-01T07:49:45","date_gmt":"2013-02-01T06:49:45","guid":{"rendered":"http:\/\/adamczewscy.pl\/?p=3939"},"modified":"2013-02-01T07:49:45","modified_gmt":"2013-02-01T06:49:45","slug":"jajka-faszerowane-2-2","status":"publish","type":"post","link":"https:\/\/blog.polityka.pl\/adamczewski\/2013\/02\/01\/jajka-faszerowane-2-2\/","title":{"rendered":"Jajka faszerowane"},"content":{"rendered":"<p><a href=\"http:\/\/adamczewscy.pl\/wp-content\/uploads\/2013\/02\/jaja-faszerP2150021.jpg\"><img loading=\"lazy\" decoding=\"async\" src=\"http:\/\/adamczewscy.pl\/wp-content\/uploads\/2013\/02\/jaja-faszerP2150021.jpg\" alt=\"\" title=\"jaja faszerP2150021\" width=\"400\" height=\"280\" class=\"alignnone size-full wp-image-3960\" \/><\/a><\/p>\n<p><em>8 jaj, s\u00f3l, pieprz, 1\/2 p\u0119czka koperku, \u0142y\u017cka \u015bmietany, 2 \u0142y\u017cki mas\u0142a lub smalcu, bu\u0142ka tarta<br \/>\n1. Umyte jaja ugotowa\u0107 na twardo, wystudzi\u0107 w zimnej wodzie, ostrym i ci\u0119\u017ckim no\u017cem poprzekrawa\u0107 na po\u0142\u00f3wki, wybra\u0107 ze skorupek. <\/em><\/p>\n<p>2. Bia\u0142ka wraz z \u017c\u00f3\u0142tkami posieka\u0107 mo\u017cliwie drobno lub zemle\u0107 albo rozdrobni\u0107 w malakserze.<br \/>\n3. Do rozdrobnionych jajek doda\u0107 drobno posiekany koperek, s\u00f3l, pieprz i \u0142y\u017ck\u0119 \u015bmietany, wymiesza\u0107, aby powsta\u0142a masa, kt\u00f3r\u0105 na\u0142o\u017cy\u0107 do skorupek.<br \/>\n4. Wyg\u0142adzone powierzchnie jajek posypa\u0107 tart\u0105 bu\u0142k\u0105 i podsma\u017cy\u0107 na t\u0142uszczu.<br \/>\nTo tradycyjne wiosenne danie mo\u017ce by\u0107 podawane ze szpinakiem doprawionym beszamelem oraz czosnkiem. Do farszu u\u017cywa si\u0119 tak\u017ce szczypiorku z koperkiem lub samego szczypiorku, mo\u017cna nie dodawa\u0107 \u015bmietany, lecz wla\u0107 1 \u0142y\u017ck\u0119 stopionego mas\u0142a. Jaja faszerowane nadaj\u0105 si\u0119 tak\u017ce doskonale na ciep\u0142\u0105 lub zimn\u0105 przek\u0105sk\u0119. <\/p>\n","protected":false},"excerpt":{"rendered":"<p>8 jaj, s\u00f3l, pieprz, 1\/2 p\u0119czka koperku, \u0142y\u017cka \u015bmietany, 2 \u0142y\u017cki mas\u0142a lub smalcu, bu\u0142ka tarta 1. Umyte jaja ugotowa\u0107 na twardo, wystudzi\u0107 w zimnej wodzie, ostrym i ci\u0119\u017ckim no\u017cem poprzekrawa\u0107 na po\u0142\u00f3wki, wybra\u0107 ze skorupek. 2. Bia\u0142ka wraz z \u017c\u00f3\u0142tkami posieka\u0107 mo\u017cliwie drobno lub zemle\u0107 albo rozdrobni\u0107 w malakserze. 3. Do rozdrobnionych jajek doda\u0107 [&hellip;]<\/p>\n","protected":false},"author":2,"featured_media":0,"comment_status":"open","ping_status":"open","sticky":false,"template":"","format":"standard","meta":{"footnotes":""},"categories":[1],"tags":[],"_links":{"self":[{"href":"https:\/\/blog.polityka.pl\/adamczewski\/wp-json\/wp\/v2\/posts\/11277"}],"collection":[{"href":"https:\/\/blog.polityka.pl\/adamczewski\/wp-json\/wp\/v2\/posts"}],"about":[{"href":"https:\/\/blog.polityka.pl\/adamczewski\/wp-json\/wp\/v2\/types\/post"}],"author":[{"embeddable":true,"href":"https:\/\/blog.polityka.pl\/adamczewski\/wp-json\/wp\/v2\/users\/2"}],"replies":[{"embeddable":true,"href":"https:\/\/blog.polityka.pl\/adamczewski\/wp-json\/wp\/v2\/comments?post=11277"}],"version-history":[{"count":0,"href":"https:\/\/blog.polityka.pl\/adamczewski\/wp-json\/wp\/v2\/posts\/11277\/revisions"}],"wp:attachment":[{"href":"https:\/\/blog.polityka.pl\/adamczewski\/wp-json\/wp\/v2\/media?parent=11277"}],"wp:term":[{"taxonomy":"category","embeddable":true,"href":"https:\/\/blog.polityka.pl\/adamczewski\/wp-json\/wp\/v2\/categories?post=11277"},{"taxonomy":"post_tag","embeddable":true,"href":"https:\/\/blog.polityka.pl\/adamczewski\/wp-json\/wp\/v2\/tags?post=11277"}],"curies":[{"name":"wp","href":"https:\/\/api.w.org\/{rel}","templated":true}]}}