
{"id":11278,"date":"2013-02-01T07:50:51","date_gmt":"2013-02-01T06:50:51","guid":{"rendered":"http:\/\/adamczewscy.pl\/?p=3941"},"modified":"2013-02-01T07:50:51","modified_gmt":"2013-02-01T06:50:51","slug":"udka-w-curry","status":"publish","type":"post","link":"https:\/\/blog.polityka.pl\/adamczewski\/2013\/02\/01\/udka-w-curry\/","title":{"rendered":"Udka w curry"},"content":{"rendered":"<p><em>8 udek z kurczaka, 3 \u0142y\u017cki sypkiej przyprawy curry, 2 cebule, z\u0105bek czosnku, kawa\u0142ek \u015bwie\u017cego imbiru, 3 \u0142y\u017cki oleju, 3 szklanki roso\u0142u drobiowego z kostki, 25 dag ry\u017cu (2 torebki do gotowania), 3 cebulki dymki<\/em><\/p>\n<p>1. Umyte udka posypa\u0107 przypraw\u0105 curry i odstawi\u0107 w ch\u0142odne miejsce co najmniej na godzin\u0119.<br \/>\n2. Cebul\u0119 i czosnek drobno posieka\u0107 i udusi\u0107 na rozgrzanym oleju.<br \/>\n3. Cebul e z czosnkiem \u0142y\u017ck\u0105 przesun\u0105\u0107 na \u015brodek patelni,  na wolnej cz\u0119\u015bci pouk\u0142ada\u0107 udka i mocno obsma\u017cy\u0107, po czym zdj\u0105\u0107 mi\u0119so a na patelnie wla\u0107 ros\u00f3\u0142 warzywny, wymiesza\u0107 i zagotowa\u0107.<br \/>\n4. Na patelni\u0119 wsypa\u0107 ry\u017c, pod przykryciem gotowa\u0107 ok. 10 minut na ma\u0142ym ogniu.<br \/>\n5. Dymk\u0119 pokroi\u0107 w kr\u0105\u017cki wraz ze szczypiorem. Cebulk\u0119 z udkami doda\u0107 ponownie na patelni\u0119 i gotowa\u0107 potraw\u0119 kolejne 15 minut. <\/p>\n","protected":false},"excerpt":{"rendered":"<p>8 udek z kurczaka, 3 \u0142y\u017cki sypkiej przyprawy curry, 2 cebule, z\u0105bek czosnku, kawa\u0142ek \u015bwie\u017cego imbiru, 3 \u0142y\u017cki oleju, 3 szklanki roso\u0142u drobiowego z kostki, 25 dag ry\u017cu (2 torebki do gotowania), 3 cebulki dymki 1. Umyte udka posypa\u0107 przypraw\u0105 curry i odstawi\u0107 w ch\u0142odne miejsce co najmniej na godzin\u0119. 2. Cebul\u0119 i czosnek drobno [&hellip;]<\/p>\n","protected":false},"author":2,"featured_media":0,"comment_status":"open","ping_status":"open","sticky":false,"template":"","format":"standard","meta":{"footnotes":""},"categories":[1],"tags":[],"_links":{"self":[{"href":"https:\/\/blog.polityka.pl\/adamczewski\/wp-json\/wp\/v2\/posts\/11278"}],"collection":[{"href":"https:\/\/blog.polityka.pl\/adamczewski\/wp-json\/wp\/v2\/posts"}],"about":[{"href":"https:\/\/blog.polityka.pl\/adamczewski\/wp-json\/wp\/v2\/types\/post"}],"author":[{"embeddable":true,"href":"https:\/\/blog.polityka.pl\/adamczewski\/wp-json\/wp\/v2\/users\/2"}],"replies":[{"embeddable":true,"href":"https:\/\/blog.polityka.pl\/adamczewski\/wp-json\/wp\/v2\/comments?post=11278"}],"version-history":[{"count":0,"href":"https:\/\/blog.polityka.pl\/adamczewski\/wp-json\/wp\/v2\/posts\/11278\/revisions"}],"wp:attachment":[{"href":"https:\/\/blog.polityka.pl\/adamczewski\/wp-json\/wp\/v2\/media?parent=11278"}],"wp:term":[{"taxonomy":"category","embeddable":true,"href":"https:\/\/blog.polityka.pl\/adamczewski\/wp-json\/wp\/v2\/categories?post=11278"},{"taxonomy":"post_tag","embeddable":true,"href":"https:\/\/blog.polityka.pl\/adamczewski\/wp-json\/wp\/v2\/tags?post=11278"}],"curies":[{"name":"wp","href":"https:\/\/api.w.org\/{rel}","templated":true}]}}