
{"id":11279,"date":"2013-02-01T07:51:42","date_gmt":"2013-02-01T06:51:42","guid":{"rendered":"http:\/\/adamczewscy.pl\/?p=3943"},"modified":"2013-02-01T07:51:42","modified_gmt":"2013-02-01T06:51:42","slug":"zupa-cukiniowa-z-serowymi-ciasteczkami","status":"publish","type":"post","link":"https:\/\/blog.polityka.pl\/adamczewski\/2013\/02\/01\/zupa-cukiniowa-z-serowymi-ciasteczkami\/","title":{"rendered":"Zupa cukiniowa z serowymi ciasteczkami"},"content":{"rendered":"<p><a href=\"http:\/\/adamczewscy.pl\/wp-content\/uploads\/2013\/02\/Zupa-cukiniowa.jpg\"><img loading=\"lazy\" decoding=\"async\" src=\"http:\/\/adamczewscy.pl\/wp-content\/uploads\/2013\/02\/Zupa-cukiniowa.jpg\" alt=\"\" title=\"OLYMPUS DIGITAL CAMERA\" width=\"400\" height=\"300\" class=\"alignnone size-full wp-image-3957\" \/><\/a><\/p>\n<p><a href=\"http:\/\/adamczewscy.pl\/wp-content\/uploads\/2013\/02\/Serowe-ciastka-do-zupy.jpg\"><img loading=\"lazy\" decoding=\"async\" src=\"http:\/\/adamczewscy.pl\/wp-content\/uploads\/2013\/02\/Serowe-ciastka-do-zupy.jpg\" alt=\"\" title=\"OLYMPUS DIGITAL CAMERA\" width=\"400\" height=\"300\" class=\"alignnone size-full wp-image-3956\" \/><\/a><\/p>\n<p><em>2 \u015brednie cukinie, \u0142y\u017cka oliwy, z\u0105bek czosnku, 1\/2 szklanki mleka, s\u00f3l, odrobina vegety, 2 \u0142y\u017cki posiekanego koperku<br \/>\nNa ciasteczka: 1\/2 opakowania ciasta francuskiego, 1\/2 szklanki startej mozzarelli<\/em><\/p>\n<p>1. Ciasto francuskie pokroi\u0107 w paski o rozmiarach 10 x 4 cm, poprzekrawa\u0107 na \u015brodku jak faworki, poprzewija\u0107 wierzch posypa\u0107 startym serem. Upiec w piekarniku, w temperaturze 180 st. C na z\u0142ocisto.<br \/>\n2. Cukini\u0119 obra\u0107, pozostawiaj\u0105c cienkie paseczki sk\u00f3rki (nada \u0142adny zielony kolor), pokroi\u0107 na drobne kawa\u0142ki, wraz z oliw\u0105 i szklank\u0105 wody gotowa\u0107 pod przykrywk\u0105, a\u017c cukinia zmi\u0119knie. Zmiksowa\u0107 dodaj\u0105c najpierw szklank\u0119 wody a potem jeszcze 2 szklanki.<br \/>\n3. Doprawi\u0107 zup\u0119 sol\u0105, veget\u0105 oraz pokrojonym w pi\u00f3rka czosnkiem i wla\u0107 mleko. Doprowadzi\u0107 do wrzenia. Podaj\u0105c posypa\u0107 koperkiem. <\/p>\n","protected":false},"excerpt":{"rendered":"<p>2 \u015brednie cukinie, \u0142y\u017cka oliwy, z\u0105bek czosnku, 1\/2 szklanki mleka, s\u00f3l, odrobina vegety, 2 \u0142y\u017cki posiekanego koperku Na ciasteczka: 1\/2 opakowania ciasta francuskiego, 1\/2 szklanki startej mozzarelli 1. Ciasto francuskie pokroi\u0107 w paski o rozmiarach 10 x 4 cm, poprzekrawa\u0107 na \u015brodku jak faworki, poprzewija\u0107 wierzch posypa\u0107 startym serem. Upiec w piekarniku, w temperaturze 180 [&hellip;]<\/p>\n","protected":false},"author":2,"featured_media":0,"comment_status":"open","ping_status":"open","sticky":false,"template":"","format":"standard","meta":{"footnotes":""},"categories":[1],"tags":[],"_links":{"self":[{"href":"https:\/\/blog.polityka.pl\/adamczewski\/wp-json\/wp\/v2\/posts\/11279"}],"collection":[{"href":"https:\/\/blog.polityka.pl\/adamczewski\/wp-json\/wp\/v2\/posts"}],"about":[{"href":"https:\/\/blog.polityka.pl\/adamczewski\/wp-json\/wp\/v2\/types\/post"}],"author":[{"embeddable":true,"href":"https:\/\/blog.polityka.pl\/adamczewski\/wp-json\/wp\/v2\/users\/2"}],"replies":[{"embeddable":true,"href":"https:\/\/blog.polityka.pl\/adamczewski\/wp-json\/wp\/v2\/comments?post=11279"}],"version-history":[{"count":0,"href":"https:\/\/blog.polityka.pl\/adamczewski\/wp-json\/wp\/v2\/posts\/11279\/revisions"}],"wp:attachment":[{"href":"https:\/\/blog.polityka.pl\/adamczewski\/wp-json\/wp\/v2\/media?parent=11279"}],"wp:term":[{"taxonomy":"category","embeddable":true,"href":"https:\/\/blog.polityka.pl\/adamczewski\/wp-json\/wp\/v2\/categories?post=11279"},{"taxonomy":"post_tag","embeddable":true,"href":"https:\/\/blog.polityka.pl\/adamczewski\/wp-json\/wp\/v2\/tags?post=11279"}],"curies":[{"name":"wp","href":"https:\/\/api.w.org\/{rel}","templated":true}]}}