
{"id":1128,"date":"2009-08-26T08:00:36","date_gmt":"2009-08-26T06:00:36","guid":{"rendered":"http:\/\/adamczewski.blog.polityka.pl\/?p=1128"},"modified":"2009-08-25T14:16:50","modified_gmt":"2009-08-25T12:16:50","slug":"wycieczka-glodomora-do-twierdzy-modlin","status":"publish","type":"post","link":"https:\/\/blog.polityka.pl\/adamczewski\/2009\/08\/26\/wycieczka-glodomora-do-twierdzy-modlin\/","title":{"rendered":"Wycieczka  g\u0142odomora do twierdzy Modlin"},"content":{"rendered":"<p>To nie by\u0142a daleka wycieczka ale pe\u0142na wra\u017ce\u0144 i smak\u00f3w. W Zatorach zajrzeli\u015bmy do pa\u0142acu Radziwi\u0142\u0142\u00f3w, kt\u00f3ry po raz kolejny zmieni\u0142 w\u0142a\u015bcicieli i chyba wreszcie zostanie wyremontowany do ko\u0144ca. Stoj\u0105 rusztowania, k\u0142adziony jest tynk, a zrujnowana obora i pi\u0119kne ogrodzenie z czerwonej\u00a0\u00a0 ceg\u0142y s\u0105 ju\u017c prawie ca\u0142kowicie odbudowane. Najbardziej nas zachwyci\u0142 jednak pa\u0142acowy park zadbany tak jak by ksi\u0105\u017c\u0119cy ogrodnik nie opuszcza\u0142 go ani na chwil\u0119. A park ten od dawna figuruje w spisie zabytk\u00f3w.<br \/>\nSerock tym razem uda\u0142o si\u0119 przejecha\u0107 bez przeszk\u00f3d. Mo\u017ce dzi\u0119ki temu, \u017ce to by\u0142a niedziela. Tu\u017c za miastem zobaczyli\u015bmy wielkie kupy piachu pozostawione przez urz\u0119dnik\u00f3w ( ministrem G. na czele), co ma symbolizowa\u0107 wbicie pierwszej \u0142opaty w budow\u0119 serockiej obwodnicy.<\/p>\n<p><img loading=\"lazy\" decoding=\"async\" class=\"aligncenter size-full wp-image-1131\" title=\"bawoly-1-p8230244\" src=\"\/wp-content\/uploads\/2009\/08\/bawoly-1-p8230244.jpg\" alt=\"\" width=\"500\" height=\"375\" srcset=\"\/adamczewski\/wp-content\/uploads\/2009\/08\/bawoly-1-p8230244.jpg 640w, \/adamczewski\/wp-content\/uploads\/2009\/08\/bawoly-1-p8230244-300x225.jpg 300w\" sizes=\"(max-width: 500px) 100vw, 500px\" \/><\/p>\n<p><a href=\"\/wp-content\/uploads\/2009\/08\/bawoly-2-p8230245.jpg\"><img loading=\"lazy\" decoding=\"async\" class=\"aligncenter size-full wp-image-1132\" title=\"bawoly-2-p8230245\" src=\"\/wp-content\/uploads\/2009\/08\/bawoly-2-p8230245.jpg\" alt=\"\" width=\"500\" height=\"375\" srcset=\"\/adamczewski\/wp-content\/uploads\/2009\/08\/bawoly-2-p8230245.jpg 640w, \/adamczewski\/wp-content\/uploads\/2009\/08\/bawoly-2-p8230245-300x225.jpg 300w\" sizes=\"(max-width: 500px) 100vw, 500px\" \/><\/a><\/p>\n<p><a href=\"\/wp-content\/uploads\/2009\/08\/bawoly-3-p8230239.jpg\"><img loading=\"lazy\" decoding=\"async\" class=\"alignright size-medium wp-image-1133\" title=\"bawoly-3-p8230239\" src=\"\/wp-content\/uploads\/2009\/08\/bawoly-3-p8230239-300x225.jpg\" alt=\"\" width=\"300\" height=\"225\" srcset=\"\/adamczewski\/wp-content\/uploads\/2009\/08\/bawoly-3-p8230239-300x225.jpg 300w, \/adamczewski\/wp-content\/uploads\/2009\/08\/bawoly-3-p8230239.jpg 640w\" sizes=\"(max-width: 300px) 100vw, 300px\" \/><\/a><\/p>\n<p>\u00a0<\/p>\n<p>Par\u0119 kilometr\u00f3w dalej na skraju wsi Marynino zatrzymali\u015bmy si\u0119. Za p\u0142otem zobaczyli\u015bmy pi\u0119kne stadko bawo\u0142\u00f3w. Cho\u0107 mo\u017ce to inny gatunek rogatych i kud\u0142atych bydl\u0105t. Je\u015bli to jednak bawo\u0142y, to pr\u0119dzej czy p\u00f3\u017aniej b\u0119dziemy mie\u0107 w pobli\u017cu domu wytw\u00f3rni\u0119 mozzarelli!?<\/p>\n<p>\u00a0<\/p>\n<p>\u00a0<\/p>\n<p>Ostatnie kilkana\u015bcie kilometr\u00f3w pokonali\u015bmy w kilka minut i wjechali\u015bmy do Twierdzy Modlin przez Bram\u0119 Ostro\u0142\u0119ck\u0105.\u00a0 Je\u015bli chcecie dok\u0142adnie j\u0105 obejrze\u0107 to wejd\u017acie tu:<br \/>\n<a href=\"http:\/\/www.bramaostrolecka.pl\">www.bramaostrolecka.pl<\/a>\u00a0\u00a0\u00a0\u00a0 My zatrzymali\u015bmy si\u0119 tylko na chwilk\u0119, bo by\u0142o za wcze\u015bnie na po\u0142udniowy posi\u0142ek. Postanowili\u015bmy zaj\u015b\u0107 do oficerskiej kantyny w drodze powrotnej.<\/p>\n<p><a href=\"\/wp-content\/uploads\/2009\/08\/modlin-brama-p8230229.jpg\"><img loading=\"lazy\" decoding=\"async\" class=\"aligncenter size-full wp-image-1134\" title=\"modlin-brama-p8230229\" src=\"\/wp-content\/uploads\/2009\/08\/modlin-brama-p8230229.jpg\" alt=\"\" width=\"500\" height=\"375\" srcset=\"\/adamczewski\/wp-content\/uploads\/2009\/08\/modlin-brama-p8230229.jpg 640w, \/adamczewski\/wp-content\/uploads\/2009\/08\/modlin-brama-p8230229-300x225.jpg 300w\" sizes=\"(max-width: 500px) 100vw, 500px\" \/><\/a><\/p>\n<p><a href=\"\/wp-content\/uploads\/2009\/08\/modlin-mundurp8230227.jpg\"><img loading=\"lazy\" decoding=\"async\" class=\"aligncenter size-full wp-image-1135\" title=\"modlin-mundurp8230227\" src=\"\/wp-content\/uploads\/2009\/08\/modlin-mundurp8230227.jpg\" alt=\"\" width=\"500\" height=\"375\" srcset=\"\/adamczewski\/wp-content\/uploads\/2009\/08\/modlin-mundurp8230227.jpg 640w, \/adamczewski\/wp-content\/uploads\/2009\/08\/modlin-mundurp8230227-300x225.jpg 300w\" sizes=\"(max-width: 500px) 100vw, 500px\" \/><\/a><\/p>\n<p>Zwiedzanie nadrzecznej cz\u0119\u015bci Twierdzy jest do\u015b\u0107 przygn\u0119biaj\u0105ce. Ruiny, chaszcze i \u015bmieci. Na budynkach z roku 1836 (s\u0105 daty budowy na murach) wisz\u0105 og\u0142oszenia: Nieruchomo\u015b\u0107 na sprzeda\u017c. Klient\u00f3w nie wida\u0107 a gmaszyska popadaj\u0105 w coraz wi\u0119ksz\u0105 ruin\u0119.<\/p>\n<p><a href=\"\/wp-content\/uploads\/2009\/08\/modlin-spichrz-p8230231.jpg\"><img loading=\"lazy\" decoding=\"async\" class=\"aligncenter size-full wp-image-1136\" title=\"modlin-spichrz-p8230231\" src=\"\/wp-content\/uploads\/2009\/08\/modlin-spichrz-p8230231.jpg\" alt=\"\" width=\"500\" height=\"375\" srcset=\"\/adamczewski\/wp-content\/uploads\/2009\/08\/modlin-spichrz-p8230231.jpg 640w, \/adamczewski\/wp-content\/uploads\/2009\/08\/modlin-spichrz-p8230231-300x225.jpg 300w\" sizes=\"(max-width: 500px) 100vw, 500px\" \/><\/a><\/p>\n<p>Po drugiej stronie rzeki resztki XIX wiecznego spichlerza zbo\u017cowego. Chyba niewiele czasu go dzieli od ca\u0142kowitej \u015bmierci. A to taka pi\u0119kna budowla. Pewnie nie znajdzie si\u0119 \u017caden wariat, kt\u00f3ry odbudowa\u0142 by spichlerz jako hotel z restauracj\u0105, do kt\u00f3rej mo\u017cna by dop\u0142ywa\u0107 z Warszawy statkiem. Ostatnimi \u015bladami \u017cycia tych ruin by\u0142a realizacja cz\u0119\u015bci filmu &#8222;CK Dezerterzy&#8221;. Tu ulokowa\u0142 bowiem niekt\u00f3re sceny Andrzej Hali\u0144ski (znany Wam m\u00f3j przyjaciel z s\u0105siedniej wsi, kucharz natchniony i producent ma\u0142osolnych oraz nalewek). Po nim za\u015b wszed\u0142 z kamerami inny wybitny scenograf Allan Starski produkuj\u0105c w spichlerzu\u00a0 &#8222;Pana Tadeusza&#8221;.<\/p>\n<p>Pocz\u0105tek Twierdzy\u00a0 si\u0119ga 1656 roku. W czasie najazdu szwedzkiego armia Karola Gustawa postawi\u0142a u uj\u015bcia Narwi do Wis\u0142y ob\u00f3z warowny Bugskansen. 150 lat p\u00f3\u017aniej z rozkazu Napoleona wzniesiono cytadel\u0119 bastionow\u0105 nazwan\u0105 w\u0142a\u015bnie Twierdza Modlin.<br \/>\nW 1831 roku 7 tysi\u0119cy powsta\u0144c\u00f3w stawia\u0142o w Twierdzy silny i d\u0142ugi op\u00f3r Rosjanom. Wreszcie Twierdza pad\u0142a.<\/p>\n<p>W 1834 roku Rosjanie zmienili nazw\u0119 na\u00a0 Nowogieorgijewsk, kt\u00f3ra obowi\u0105zywa\u0142a do 1915 roku. W tym czasie\u00a0&#8211; dok\u0142adniej w 1844 roku\u00a0&#8211; wybudowano na Szwedzkiej Wyspie rozdzielaj\u0105cej Wis\u0142\u0119 i Narew\u00a0 spichlerz zbo\u017cowy, kt\u00f3ry opr\u00f3cz funkcji magazynowych pe\u0142ni\u0142 te\u017c i funkcje obronne.<\/p>\n<p>W okrsie mi\u0119dzywojennym w Modlinie powsta\u0142 \u015br\u00f3dl\u0105dowy port marynarki wojennej i stocznia buduj\u0105ca rzeczn\u0105 flot\u0119 wojenn\u0105. Wtedy te\u017c powsta\u0142 szerego pot\u0119\u017cnych bunkr\u00f3w. Twierdza w roku 1939 by\u0142a Kwater\u0105 G\u0142\u00f3wn\u0105 Armii &#8222;Modlin&#8221;. We wrze\u015bniu 39 obron\u0105 dowodzi\u0142 gen. Wiktor Thomee. A dowodzi\u0142 on 40 tys. \u017bo\u0142nierzy i poci\u0105giem pancernym &#8222;\u015amier\u0107&#8221;. Twierdza Modlin pad\u0142a 29 wrze\u015bnia.<\/p>\n<p>Po d\u0142ugim i romantyczno-patriotycznym spacerze wr\u00f3cili\u015bmy do Bramy Ostro\u0142\u0119ckiej. Ta dawna oficerska kantyna przekszta\u0142ci\u0142a si\u0119 w restauracj\u0119, kt\u00f3ra szybko zdoby\u0142a renom\u0119 i publiczno\u015b\u0107. Wojskowy wystr\u00f3j wn\u0119trza (mundury, wyposa\u017cenie \u017co\u0142nierskie, proste sto\u0142y i krzes\u0142a) zharmonizowany jest z kart\u0105 da\u0144.\u00a0 Jest wi\u0119c golonka na kilka sposob\u00f3w, \u017co\u0142nierska pajda chleba ze smalcem i kiszonym og\u00f3rkiem ale s\u0105 tak\u017ce sztandarowe dania z kuchni polskiej i rosyjskiej: schabowy z kapust\u0105, ruskie pierogi, pielmieni,\u00a0 solanka, strogonoff, bliny z \u0142ososiem, karama\u0144czyki ze szpinakiem czy wreszcie kotlet Kutuzowa pod kt\u00f3r\u0105 to nazw\u0105 kryje si\u0119 robiony z piersi kurczaka s\u0142ynny kotlet Po\u017carski. Oczywi\u015bcie s\u0105 i ryby: lin, \u0142oso\u015b, sandacz, sum i pstr\u0105g.<\/p>\n<p>O cenach w Bramie nie b\u0119d\u0119 pisa\u0142, bo zrobi si\u0119 tu zbyt t\u0142oczno, co mo\u017ce za sob\u0105 poci\u0105gn\u0105\u0107 ich podwy\u017ck\u0119.<br \/>\nSami widzicie, \u017ce niedzielna wycieczka by\u0142a pe\u0142na wra\u017ce\u0144.<\/p>\n","protected":false},"excerpt":{"rendered":"<p>To nie by\u0142a daleka wycieczka ale pe\u0142na wra\u017ce\u0144 i smak\u00f3w. W Zatorach zajrzeli\u015bmy do pa\u0142acu Radziwi\u0142\u0142\u00f3w, kt\u00f3ry po raz kolejny zmieni\u0142 w\u0142a\u015bcicieli i chyba wreszcie zostanie wyremontowany do ko\u0144ca. Stoj\u0105 rusztowania, k\u0142adziony jest tynk, a zrujnowana obora i pi\u0119kne ogrodzenie z czerwonej\u00a0\u00a0 ceg\u0142y s\u0105 ju\u017c prawie ca\u0142kowicie odbudowane. Najbardziej nas zachwyci\u0142 jednak pa\u0142acowy park zadbany [&hellip;]<\/p>\n","protected":false},"author":2,"featured_media":0,"comment_status":"open","ping_status":"open","sticky":false,"template":"","format":"standard","meta":{"footnotes":""},"categories":[1],"tags":[],"_links":{"self":[{"href":"https:\/\/blog.polityka.pl\/adamczewski\/wp-json\/wp\/v2\/posts\/1128"}],"collection":[{"href":"https:\/\/blog.polityka.pl\/adamczewski\/wp-json\/wp\/v2\/posts"}],"about":[{"href":"https:\/\/blog.polityka.pl\/adamczewski\/wp-json\/wp\/v2\/types\/post"}],"author":[{"embeddable":true,"href":"https:\/\/blog.polityka.pl\/adamczewski\/wp-json\/wp\/v2\/users\/2"}],"replies":[{"embeddable":true,"href":"https:\/\/blog.polityka.pl\/adamczewski\/wp-json\/wp\/v2\/comments?post=1128"}],"version-history":[{"count":0,"href":"https:\/\/blog.polityka.pl\/adamczewski\/wp-json\/wp\/v2\/posts\/1128\/revisions"}],"wp:attachment":[{"href":"https:\/\/blog.polityka.pl\/adamczewski\/wp-json\/wp\/v2\/media?parent=1128"}],"wp:term":[{"taxonomy":"category","embeddable":true,"href":"https:\/\/blog.polityka.pl\/adamczewski\/wp-json\/wp\/v2\/categories?post=1128"},{"taxonomy":"post_tag","embeddable":true,"href":"https:\/\/blog.polityka.pl\/adamczewski\/wp-json\/wp\/v2\/tags?post=1128"}],"curies":[{"name":"wp","href":"https:\/\/api.w.org\/{rel}","templated":true}]}}