
{"id":11281,"date":"2013-02-01T07:53:27","date_gmt":"2013-02-01T06:53:27","guid":{"rendered":"http:\/\/adamczewscy.pl\/?p=3947"},"modified":"2013-02-01T07:53:27","modified_gmt":"2013-02-01T06:53:27","slug":"poledwica-wolowa-w-sosie-winnym","status":"publish","type":"post","link":"https:\/\/blog.polityka.pl\/adamczewski\/2013\/02\/01\/poledwica-wolowa-w-sosie-winnym\/","title":{"rendered":"Pol\u0119dwica wo\u0142owa w sosie winnym"},"content":{"rendered":"<p><em>4 &#8211; 5 grubych plastr\u00f3w wo\u0142owej pol\u0119dwicy, ma\u0142a cebula, 10 dag mas\u0142a, 5 \u0142y\u017cek oliwy z oliwek, butelka czerwonego wytrawnego wina, \u0142y\u017ceczka m\u0105ki, s\u00f3l, pieprz<\/em><\/p>\n<p>1. Plastry pol\u0119dwicy lekko rozbi\u0107, nadaj\u0105c im r\u00f3wny kszta\u0142t, posypa\u0107 pieprzem i odrobin\u0105 soli. Odstawi\u0107.<br \/>\n2. Wino przela\u0107 do rondelka, odparowa\u0107 1\/3 obj\u0119to\u015bci.<br \/>\n3. Na patelni z \u0142y\u017ck\u0105 rozgrzanego mas\u0142a podsma\u017cy\u0107 pokrojon\u0105 w drobn\u0105 kostk\u0119 cebul\u0119, kiedy zmi\u0119knie doda\u0107 pozosta\u0142e mas\u0142o i m\u0105k\u0119, rozetrze\u0107 na g\u0142adk\u0105 mas\u0119, po\u0142\u0105czy\u0107 z odparowanym winem.<br \/>\n3. Ka\u017cdy plaster mi\u0119sa zanurzy\u0107 w oliwie, sma\u017cy\u0107 na rozgrzanej patelni po kilka minut z ka\u017cdej strony. Podawa\u0107 mi\u0119so polane winnym sosem. <\/p>\n","protected":false},"excerpt":{"rendered":"<p>4 &#8211; 5 grubych plastr\u00f3w wo\u0142owej pol\u0119dwicy, ma\u0142a cebula, 10 dag mas\u0142a, 5 \u0142y\u017cek oliwy z oliwek, butelka czerwonego wytrawnego wina, \u0142y\u017ceczka m\u0105ki, s\u00f3l, pieprz 1. Plastry pol\u0119dwicy lekko rozbi\u0107, nadaj\u0105c im r\u00f3wny kszta\u0142t, posypa\u0107 pieprzem i odrobin\u0105 soli. Odstawi\u0107. 2. Wino przela\u0107 do rondelka, odparowa\u0107 1\/3 obj\u0119to\u015bci. 3. Na patelni z \u0142y\u017ck\u0105 rozgrzanego mas\u0142a [&hellip;]<\/p>\n","protected":false},"author":2,"featured_media":0,"comment_status":"open","ping_status":"open","sticky":false,"template":"","format":"standard","meta":{"footnotes":""},"categories":[1],"tags":[],"_links":{"self":[{"href":"https:\/\/blog.polityka.pl\/adamczewski\/wp-json\/wp\/v2\/posts\/11281"}],"collection":[{"href":"https:\/\/blog.polityka.pl\/adamczewski\/wp-json\/wp\/v2\/posts"}],"about":[{"href":"https:\/\/blog.polityka.pl\/adamczewski\/wp-json\/wp\/v2\/types\/post"}],"author":[{"embeddable":true,"href":"https:\/\/blog.polityka.pl\/adamczewski\/wp-json\/wp\/v2\/users\/2"}],"replies":[{"embeddable":true,"href":"https:\/\/blog.polityka.pl\/adamczewski\/wp-json\/wp\/v2\/comments?post=11281"}],"version-history":[{"count":0,"href":"https:\/\/blog.polityka.pl\/adamczewski\/wp-json\/wp\/v2\/posts\/11281\/revisions"}],"wp:attachment":[{"href":"https:\/\/blog.polityka.pl\/adamczewski\/wp-json\/wp\/v2\/media?parent=11281"}],"wp:term":[{"taxonomy":"category","embeddable":true,"href":"https:\/\/blog.polityka.pl\/adamczewski\/wp-json\/wp\/v2\/categories?post=11281"},{"taxonomy":"post_tag","embeddable":true,"href":"https:\/\/blog.polityka.pl\/adamczewski\/wp-json\/wp\/v2\/tags?post=11281"}],"curies":[{"name":"wp","href":"https:\/\/api.w.org\/{rel}","templated":true}]}}