
{"id":11286,"date":"2013-02-08T09:39:04","date_gmt":"2013-02-08T08:39:04","guid":{"rendered":"http:\/\/adamczewscy.pl\/?p=3978"},"modified":"2013-02-08T09:39:04","modified_gmt":"2013-02-08T08:39:04","slug":"salata-rzymska-z-konserwowa-kukurydza","status":"publish","type":"post","link":"https:\/\/blog.polityka.pl\/adamczewski\/2013\/02\/08\/salata-rzymska-z-konserwowa-kukurydza\/","title":{"rendered":"Sa\u0142ata rzymska z konserwow\u0105 kukurydz\u0105"},"content":{"rendered":"<p>Niedu\u017ca sa\u0142ata rzymska, ma\u0142y  pomidor, kawa\u0142ek \u015bwie\u017cego og\u00f3rka, ?  awokado,  1\/2  ma\u0142ej  puszeczki kukurydzy marynowanej<br \/>\nNa sos: 10 \u0142y\u017cek oleju z pestek winogron, 3 \u0142y\u017cki octu balsamicznego, \u0142y\u017ceczka p\u0142ynnego miodu, z\u0105bek czosnku, s\u00f3l, pieprz <\/p>\n<p>1. Sa\u0142at\u0119 rzymsk\u0105 podzieli\u0107 na listki, umy\u0107, osuszy\u0107, porwa\u0107 palcami na kawa\u0142ki, w\u0142o\u017cy\u0107 do salaterki.<br \/>\n2. Do sa\u0142aty doda\u0107 pokrojonego pomidora, awokado i og\u00f3rka.<br \/>\n3. Ods\u0105czy\u0107 kukurydz\u0119 z zalewy, posypa\u0107 ni\u0105 sa\u0142at\u0119.<br \/>\n4. Sk\u0142adniki sosu umie\u015bci\u0107 w zakr\u0119canym s\u0142oiku i mocno wymiesza\u0107. Pola\u0107 sa\u0142at\u0119.<br \/>\n5. Na stole wymiesza\u0107 sa\u0142at\u0119 z sosem.<\/p>\n","protected":false},"excerpt":{"rendered":"<p>Niedu\u017ca sa\u0142ata rzymska, ma\u0142y pomidor, kawa\u0142ek \u015bwie\u017cego og\u00f3rka, ? awokado, 1\/2 ma\u0142ej puszeczki kukurydzy marynowanej Na sos: 10 \u0142y\u017cek oleju z pestek winogron, 3 \u0142y\u017cki octu balsamicznego, \u0142y\u017ceczka p\u0142ynnego miodu, z\u0105bek czosnku, s\u00f3l, pieprz 1. Sa\u0142at\u0119 rzymsk\u0105 podzieli\u0107 na listki, umy\u0107, osuszy\u0107, porwa\u0107 palcami na kawa\u0142ki, w\u0142o\u017cy\u0107 do salaterki. 2. Do sa\u0142aty doda\u0107 pokrojonego pomidora, [&hellip;]<\/p>\n","protected":false},"author":2,"featured_media":0,"comment_status":"open","ping_status":"open","sticky":false,"template":"","format":"standard","meta":{"footnotes":""},"categories":[1],"tags":[],"_links":{"self":[{"href":"https:\/\/blog.polityka.pl\/adamczewski\/wp-json\/wp\/v2\/posts\/11286"}],"collection":[{"href":"https:\/\/blog.polityka.pl\/adamczewski\/wp-json\/wp\/v2\/posts"}],"about":[{"href":"https:\/\/blog.polityka.pl\/adamczewski\/wp-json\/wp\/v2\/types\/post"}],"author":[{"embeddable":true,"href":"https:\/\/blog.polityka.pl\/adamczewski\/wp-json\/wp\/v2\/users\/2"}],"replies":[{"embeddable":true,"href":"https:\/\/blog.polityka.pl\/adamczewski\/wp-json\/wp\/v2\/comments?post=11286"}],"version-history":[{"count":0,"href":"https:\/\/blog.polityka.pl\/adamczewski\/wp-json\/wp\/v2\/posts\/11286\/revisions"}],"wp:attachment":[{"href":"https:\/\/blog.polityka.pl\/adamczewski\/wp-json\/wp\/v2\/media?parent=11286"}],"wp:term":[{"taxonomy":"category","embeddable":true,"href":"https:\/\/blog.polityka.pl\/adamczewski\/wp-json\/wp\/v2\/categories?post=11286"},{"taxonomy":"post_tag","embeddable":true,"href":"https:\/\/blog.polityka.pl\/adamczewski\/wp-json\/wp\/v2\/tags?post=11286"}],"curies":[{"name":"wp","href":"https:\/\/api.w.org\/{rel}","templated":true}]}}