
{"id":11287,"date":"2013-02-14T15:58:38","date_gmt":"2013-02-14T14:58:38","guid":{"rendered":"http:\/\/adamczewscy.pl\/?p=3985"},"modified":"2013-02-14T15:58:38","modified_gmt":"2013-02-14T14:58:38","slug":"karkowka-z-porami-po-chinsku","status":"publish","type":"post","link":"https:\/\/blog.polityka.pl\/adamczewski\/2013\/02\/14\/karkowka-z-porami-po-chinsku\/","title":{"rendered":"Kark\u00f3wka z porami po chi\u0144sku"},"content":{"rendered":"<p><em>50 dag kark\u00f3wki, 2 du\u017ce pory, 2 str\u0105ki zielonej papryki, p\u00f3\u0142 \u015bredniej kapusty peki\u0144skiej, z\u0105bek czosnku,1\/2 szklanki bulionu warzywnego z kostki, \u0142y\u017cka m\u0105ki ziemniaczanej, 4 \u0142y\u017cki oleju, 2 \u0142y\u017cki w\u00f3dki, 3 \u0142y\u017cki sosu sojowego, \u0142y\u017cka octu winnego, \u0142y\u017ceczka miodu, \u0142y\u017ceczka mielonego imbiru, vegeta do smaku s\u00f3l, pieprz, ostra mielona papryka<\/em><\/p>\n<p>1. Pokroi\u0107 mi\u0119so na plasterki a nast\u0119pnie na centymetrowej szeroko\u015bci paski, opr\u00f3szy\u0107 m\u0105k\u0105 ziemniaczan\u0105 i podsma\u017cy\u0107 na rumiano na po\u0142owie  oleju, posypa\u0107 veget\u0105 i imbirem, doda\u0107 po\u0142ow\u0119 bulionu oraz w\u00f3dk\u0119 i dusi\u0107 potraw\u0119 15 minut.<br \/>\n2. Pokroi\u0107 pory w plasterki; kapust\u0119 i papryki pokroi\u0107 w w\u0105skie paski. Wszystkie warzywa podsma\u017ca\u0107 na pozosta\u0142ym oleju oko\u0142o 10 minut, doda\u0107 do mi\u0119sa.<br \/>\n3. Na patelni po sma\u017ceniu warzyw zeszkli\u0107 posiekany czosnek, doda\u0107 sos sojowy, ocet i mi\u00f3d oraz bulion, zagotowa\u0107, przyprawi\u0107 pieprzem, papryk\u0105 i ewentualnie sol\u0105, doda\u0107 sos do mi\u0119sa, zagotowa\u0107 razem.<br \/>\nNajlepiej smakuje z makaronem sojowym lub ry\u017cem.<\/p>\n","protected":false},"excerpt":{"rendered":"<p>50 dag kark\u00f3wki, 2 du\u017ce pory, 2 str\u0105ki zielonej papryki, p\u00f3\u0142 \u015bredniej kapusty peki\u0144skiej, z\u0105bek czosnku,1\/2 szklanki bulionu warzywnego z kostki, \u0142y\u017cka m\u0105ki ziemniaczanej, 4 \u0142y\u017cki oleju, 2 \u0142y\u017cki w\u00f3dki, 3 \u0142y\u017cki sosu sojowego, \u0142y\u017cka octu winnego, \u0142y\u017ceczka miodu, \u0142y\u017ceczka mielonego imbiru, vegeta do smaku s\u00f3l, pieprz, ostra mielona papryka 1. Pokroi\u0107 mi\u0119so na plasterki [&hellip;]<\/p>\n","protected":false},"author":2,"featured_media":0,"comment_status":"open","ping_status":"open","sticky":false,"template":"","format":"standard","meta":{"footnotes":""},"categories":[1],"tags":[],"_links":{"self":[{"href":"https:\/\/blog.polityka.pl\/adamczewski\/wp-json\/wp\/v2\/posts\/11287"}],"collection":[{"href":"https:\/\/blog.polityka.pl\/adamczewski\/wp-json\/wp\/v2\/posts"}],"about":[{"href":"https:\/\/blog.polityka.pl\/adamczewski\/wp-json\/wp\/v2\/types\/post"}],"author":[{"embeddable":true,"href":"https:\/\/blog.polityka.pl\/adamczewski\/wp-json\/wp\/v2\/users\/2"}],"replies":[{"embeddable":true,"href":"https:\/\/blog.polityka.pl\/adamczewski\/wp-json\/wp\/v2\/comments?post=11287"}],"version-history":[{"count":0,"href":"https:\/\/blog.polityka.pl\/adamczewski\/wp-json\/wp\/v2\/posts\/11287\/revisions"}],"wp:attachment":[{"href":"https:\/\/blog.polityka.pl\/adamczewski\/wp-json\/wp\/v2\/media?parent=11287"}],"wp:term":[{"taxonomy":"category","embeddable":true,"href":"https:\/\/blog.polityka.pl\/adamczewski\/wp-json\/wp\/v2\/categories?post=11287"},{"taxonomy":"post_tag","embeddable":true,"href":"https:\/\/blog.polityka.pl\/adamczewski\/wp-json\/wp\/v2\/tags?post=11287"}],"curies":[{"name":"wp","href":"https:\/\/api.w.org\/{rel}","templated":true}]}}