
{"id":11288,"date":"2013-02-14T15:59:18","date_gmt":"2013-02-14T14:59:18","guid":{"rendered":"http:\/\/adamczewscy.pl\/?p=3987"},"modified":"2013-02-14T15:59:18","modified_gmt":"2013-02-14T14:59:18","slug":"spaghetti-z-baklazanem","status":"publish","type":"post","link":"https:\/\/blog.polityka.pl\/adamczewski\/2013\/02\/14\/spaghetti-z-baklazanem\/","title":{"rendered":"Spaghetti z bak\u0142a\u017canem"},"content":{"rendered":"<p><em>Bak\u0142a\u017can, 2 \u017c\u00f3\u0142te papryki, cebula,10 listk\u00f3w \u015bwie\u017cej bazylii, 2 \u0142y\u017cki koncentratu pomidorowego,1\/2 paczki spaghetti, szklanka startego parmezanu, 2 \u0142y\u017cki oliwy z oliwek, z\u0105bek czosnku, mielona s\u0142odka  papryka, pieprz, vegeta<\/em><\/p>\n<p>1. Bak\u0142a\u017cana pokroi\u0107  w plastry, papryk\u0119 w paski a cebul\u0119 w kosteczk\u0119.<br \/>\n2. Na patelni rozgrza\u0107 oliw\u0119 i zeszkli\u0107 na niej pokrojon\u0105 cebul\u0119, doda\u0107 plasterki bak\u0142a\u017cana i obsma\u017cy\u0107 je z obu stron, doda\u0107 papryk\u0119 i koncentrat, s\u0142odk\u0105 papryk\u0119 i posiekany lub przeci\u015bni\u0119ty przez prask\u0119 czosnek. Sma\u017cy\u0107  5 minut nie dopuszczaj\u0105c do przypalenia.<br \/>\n3. Sos na patelni doprawi\u0107 sol\u0105, pieprzem oraz veget\u0105.<br \/>\n4. Ugotowa\u0107 makaron al dente, ods\u0105czy\u0107 i doda\u0107 do warzyw na patelni. Wymiesza\u0107 przy pomocy dw\u00f3ch widelc\u00f3w lekko podgrzewaj\u0105c.<br \/>\n5. Podaj\u0105c posypywa\u0107 ka\u017cd\u0105 porcj\u0119 startym parmezanem.<\/p>\n","protected":false},"excerpt":{"rendered":"<p>Bak\u0142a\u017can, 2 \u017c\u00f3\u0142te papryki, cebula,10 listk\u00f3w \u015bwie\u017cej bazylii, 2 \u0142y\u017cki koncentratu pomidorowego,1\/2 paczki spaghetti, szklanka startego parmezanu, 2 \u0142y\u017cki oliwy z oliwek, z\u0105bek czosnku, mielona s\u0142odka papryka, pieprz, vegeta 1. Bak\u0142a\u017cana pokroi\u0107 w plastry, papryk\u0119 w paski a cebul\u0119 w kosteczk\u0119. 2. Na patelni rozgrza\u0107 oliw\u0119 i zeszkli\u0107 na niej pokrojon\u0105 cebul\u0119, doda\u0107 plasterki bak\u0142a\u017cana [&hellip;]<\/p>\n","protected":false},"author":2,"featured_media":0,"comment_status":"open","ping_status":"open","sticky":false,"template":"","format":"standard","meta":{"footnotes":""},"categories":[1],"tags":[],"_links":{"self":[{"href":"https:\/\/blog.polityka.pl\/adamczewski\/wp-json\/wp\/v2\/posts\/11288"}],"collection":[{"href":"https:\/\/blog.polityka.pl\/adamczewski\/wp-json\/wp\/v2\/posts"}],"about":[{"href":"https:\/\/blog.polityka.pl\/adamczewski\/wp-json\/wp\/v2\/types\/post"}],"author":[{"embeddable":true,"href":"https:\/\/blog.polityka.pl\/adamczewski\/wp-json\/wp\/v2\/users\/2"}],"replies":[{"embeddable":true,"href":"https:\/\/blog.polityka.pl\/adamczewski\/wp-json\/wp\/v2\/comments?post=11288"}],"version-history":[{"count":0,"href":"https:\/\/blog.polityka.pl\/adamczewski\/wp-json\/wp\/v2\/posts\/11288\/revisions"}],"wp:attachment":[{"href":"https:\/\/blog.polityka.pl\/adamczewski\/wp-json\/wp\/v2\/media?parent=11288"}],"wp:term":[{"taxonomy":"category","embeddable":true,"href":"https:\/\/blog.polityka.pl\/adamczewski\/wp-json\/wp\/v2\/categories?post=11288"},{"taxonomy":"post_tag","embeddable":true,"href":"https:\/\/blog.polityka.pl\/adamczewski\/wp-json\/wp\/v2\/tags?post=11288"}],"curies":[{"name":"wp","href":"https:\/\/api.w.org\/{rel}","templated":true}]}}