
{"id":11291,"date":"2013-02-15T07:38:17","date_gmt":"2013-02-15T06:38:17","guid":{"rendered":"http:\/\/adamczewscy.pl\/?p=4005"},"modified":"2013-02-15T07:38:17","modified_gmt":"2013-02-15T06:38:17","slug":"tort-morelowy","status":"publish","type":"post","link":"https:\/\/blog.polityka.pl\/adamczewski\/2013\/02\/15\/tort-morelowy\/","title":{"rendered":"Tort morelowy"},"content":{"rendered":"<p><a href=\"http:\/\/adamczewscy.pl\/wp-content\/uploads\/2013\/02\/Tort-morelowy-polukrowany.jpg\"><img loading=\"lazy\" decoding=\"async\" src=\"http:\/\/adamczewscy.pl\/wp-content\/uploads\/2013\/02\/Tort-morelowy-polukrowany.jpg\" alt=\"\" title=\"OLYMPUS DIGITAL CAMERA\" width=\"400\" height=\"331\" class=\"alignnone size-full wp-image-4010\" \/><\/a><\/p>\n<p><em>Na ciasto: 25 dag (1,5 szklanki) m\u0105ki, 170 g mas\u0142a, 10 dag mielonych lub bardzo drobno posiekanych migda\u0142\u00f3w,  1\/2 szklanki cukru pudru, 4 \u017c\u00f3\u0142tka, ew. zapach np. wanilia<br \/>\nKrem: ok. 1\/2 s\u0142oiczka dobrej, kwa\u015bnej marmolady morelowej (od biedy mo\u017cna j\u0105 zast\u0105pi\u0107 powid\u0142ami \u015bliwkowymi), 4 bia\u0142ka, 1\/2 szklanki cukru pudru,<br \/>\nNa lukier: ok. 1\/2 szklanki cukru pudru, \u0107wier\u0107 s\u0142oiczka powide\u0142 lub marmolady morelowej, \u0142y\u017cka soku cytrynowego. <\/em><\/p>\n<p>1. Wykonanie ciasta: m\u0105k\u0119 posieka\u0107 z cukrem pudrem i mas\u0142em, doda\u0107 migda\u0142y oraz \u017c\u00f3\u0142tka i zagnie\u015b\u0107 ciasto. Rozwa\u0142kowa\u0107 na 5 jednakowych plack\u00f3w (tortownica o \u015brednicy 22 &#8211; 25 cm). Kolejno piec na z\u0142ocisto. Uwaga: placki dop\u00f3ki zupe\u0142nie nie wystygn\u0105 s\u0105 bardzo kruche.<br \/>\n2. Wykonanie kremu: ubi\u0107 sztywn\u0105 pian\u0119 z bia\u0142ek dodaj\u0105c pod koniec cukier i zmiksowan\u0105 marmolad\u0119. Prze\u0142o\u017cy\u0107 kremem  placki.<br \/>\n3. Wykonanie lukru: utrze\u0107 sk\u0142adniki lukru i rozsmarowa\u0107 go na wierzchu tortu. Przybra\u0107 po\u0142\u00f3wkami orzech\u00f3w w\u0142oskich i siekanymi migda\u0142ami.<br \/>\nTort powinien posta\u0107 w lod\u00f3wce lub ch\u0142odnym miejscu co najmniej 3 &#8211; 4 dni. <\/p>\n","protected":false},"excerpt":{"rendered":"<p>Na ciasto: 25 dag (1,5 szklanki) m\u0105ki, 170 g mas\u0142a, 10 dag mielonych lub bardzo drobno posiekanych migda\u0142\u00f3w, 1\/2 szklanki cukru pudru, 4 \u017c\u00f3\u0142tka, ew. zapach np. wanilia Krem: ok. 1\/2 s\u0142oiczka dobrej, kwa\u015bnej marmolady morelowej (od biedy mo\u017cna j\u0105 zast\u0105pi\u0107 powid\u0142ami \u015bliwkowymi), 4 bia\u0142ka, 1\/2 szklanki cukru pudru, Na lukier: ok. 1\/2 szklanki cukru [&hellip;]<\/p>\n","protected":false},"author":2,"featured_media":0,"comment_status":"open","ping_status":"open","sticky":false,"template":"","format":"standard","meta":{"footnotes":""},"categories":[1],"tags":[],"_links":{"self":[{"href":"https:\/\/blog.polityka.pl\/adamczewski\/wp-json\/wp\/v2\/posts\/11291"}],"collection":[{"href":"https:\/\/blog.polityka.pl\/adamczewski\/wp-json\/wp\/v2\/posts"}],"about":[{"href":"https:\/\/blog.polityka.pl\/adamczewski\/wp-json\/wp\/v2\/types\/post"}],"author":[{"embeddable":true,"href":"https:\/\/blog.polityka.pl\/adamczewski\/wp-json\/wp\/v2\/users\/2"}],"replies":[{"embeddable":true,"href":"https:\/\/blog.polityka.pl\/adamczewski\/wp-json\/wp\/v2\/comments?post=11291"}],"version-history":[{"count":0,"href":"https:\/\/blog.polityka.pl\/adamczewski\/wp-json\/wp\/v2\/posts\/11291\/revisions"}],"wp:attachment":[{"href":"https:\/\/blog.polityka.pl\/adamczewski\/wp-json\/wp\/v2\/media?parent=11291"}],"wp:term":[{"taxonomy":"category","embeddable":true,"href":"https:\/\/blog.polityka.pl\/adamczewski\/wp-json\/wp\/v2\/categories?post=11291"},{"taxonomy":"post_tag","embeddable":true,"href":"https:\/\/blog.polityka.pl\/adamczewski\/wp-json\/wp\/v2\/tags?post=11291"}],"curies":[{"name":"wp","href":"https:\/\/api.w.org\/{rel}","templated":true}]}}