
{"id":11292,"date":"2013-02-21T16:12:18","date_gmt":"2013-02-21T15:12:18","guid":{"rendered":"http:\/\/adamczewscy.pl\/?p=4012"},"modified":"2013-02-21T16:12:18","modified_gmt":"2013-02-21T15:12:18","slug":"zupa-ziemniaczano-dyniowa","status":"publish","type":"post","link":"https:\/\/blog.polityka.pl\/adamczewski\/2013\/02\/21\/zupa-ziemniaczano-dyniowa\/","title":{"rendered":"Zupa ziemniaczano-dyniowa"},"content":{"rendered":"<p><em>8 szklanek roso\u0142u (mo\u017ce by\u0107 z kostki), 6 du\u017cych ziemniak\u00f3w, 30 dag dyni, 4 pomidory, marchew, cebula, 2 z\u0105bki czosnku, 1\/2 szklanki pestek z dyni, 2 li\u015bcie laurowe, 4 \u0142y\u017cki  \u015bmietany, 2 \u0142y\u017cki oleju, s\u00f3l, pieprz<\/em><\/p>\n<p>1. Posieka\u0107 czosnek i cebul\u0119. Pokroi\u0107 w kostk\u0119 marchew, ziemniaki i pomidory.<br \/>\n2. Rozgrza\u0107 na patelni olej i wrzuci\u0107 cebul\u0119 oraz czosnek; podsma\u017cy\u0107, wrzuci\u0107 pomidory, marchew i ziemniaki. Podsma\u017cy\u0107.<br \/>\n3. Podsma\u017cone warzywa doda\u0107 do zagotowanego roso\u0142u, doda\u0107 li\u015b\u0107 laurowy, doprawi\u0107  sol\u0105 i pieprzem, gotowa\u0107 20 minut, doda\u0107 pokrojon\u0105 w kostk\u0119 dyni\u0119 i jeszcze chwil\u0119 podgrzewa\u0107 zup\u0119.<br \/>\n4. \u015amietan\u0119 wymiesza\u0107 z kilkoma \u0142y\u017ckami gor\u0105cej zupy, po\u0142\u0105czy\u0107 z pozosta\u0142\u0105. Nie gotowa\u0107.<br \/>\n5. Pestki dyniowe podsma\u017cy\u0107 na suchej patelni i doda\u0107 do zupy.<\/p>\n","protected":false},"excerpt":{"rendered":"<p>8 szklanek roso\u0142u (mo\u017ce by\u0107 z kostki), 6 du\u017cych ziemniak\u00f3w, 30 dag dyni, 4 pomidory, marchew, cebula, 2 z\u0105bki czosnku, 1\/2 szklanki pestek z dyni, 2 li\u015bcie laurowe, 4 \u0142y\u017cki \u015bmietany, 2 \u0142y\u017cki oleju, s\u00f3l, pieprz 1. Posieka\u0107 czosnek i cebul\u0119. Pokroi\u0107 w kostk\u0119 marchew, ziemniaki i pomidory. 2. Rozgrza\u0107 na patelni olej i wrzuci\u0107 [&hellip;]<\/p>\n","protected":false},"author":2,"featured_media":0,"comment_status":"open","ping_status":"open","sticky":false,"template":"","format":"standard","meta":{"footnotes":""},"categories":[1],"tags":[],"_links":{"self":[{"href":"https:\/\/blog.polityka.pl\/adamczewski\/wp-json\/wp\/v2\/posts\/11292"}],"collection":[{"href":"https:\/\/blog.polityka.pl\/adamczewski\/wp-json\/wp\/v2\/posts"}],"about":[{"href":"https:\/\/blog.polityka.pl\/adamczewski\/wp-json\/wp\/v2\/types\/post"}],"author":[{"embeddable":true,"href":"https:\/\/blog.polityka.pl\/adamczewski\/wp-json\/wp\/v2\/users\/2"}],"replies":[{"embeddable":true,"href":"https:\/\/blog.polityka.pl\/adamczewski\/wp-json\/wp\/v2\/comments?post=11292"}],"version-history":[{"count":0,"href":"https:\/\/blog.polityka.pl\/adamczewski\/wp-json\/wp\/v2\/posts\/11292\/revisions"}],"wp:attachment":[{"href":"https:\/\/blog.polityka.pl\/adamczewski\/wp-json\/wp\/v2\/media?parent=11292"}],"wp:term":[{"taxonomy":"category","embeddable":true,"href":"https:\/\/blog.polityka.pl\/adamczewski\/wp-json\/wp\/v2\/categories?post=11292"},{"taxonomy":"post_tag","embeddable":true,"href":"https:\/\/blog.polityka.pl\/adamczewski\/wp-json\/wp\/v2\/tags?post=11292"}],"curies":[{"name":"wp","href":"https:\/\/api.w.org\/{rel}","templated":true}]}}