
{"id":11293,"date":"2013-02-21T16:19:14","date_gmt":"2013-02-21T15:19:14","guid":{"rendered":"http:\/\/adamczewscy.pl\/?p=4015"},"modified":"2013-02-21T16:19:14","modified_gmt":"2013-02-21T15:19:14","slug":"baba-laskowa","status":"publish","type":"post","link":"https:\/\/blog.polityka.pl\/adamczewski\/2013\/02\/21\/baba-laskowa\/","title":{"rendered":"Baba laskowa"},"content":{"rendered":"<p><em>35 dag mas\u0142a, 3\/4  szklanki i szklanka cukru, 8 jaj, \u0142y\u017cka cynamonu, 2 \u0142y\u017cki rumu, 1,5 szklanki m\u0105ki, 4,5 \u0142y\u017cki m\u0105ki ziemniaczanej, 30 dag mielonych orzech\u00f3w laskowych, szczypta soli, cukier puder do posypania<br \/>\nDo posmarowania formy: \u0142y\u017ceczka mas\u0142a<br \/>\nDo wysypania formy: 2 \u0142y\u017cki tartej bu\u0142ki<\/em><\/p>\n<p>1. Mas\u0142o utrze\u0107 z 3\/4  szklanki cukru na puszyst\u0105 mas\u0119, dodaj\u0105c po jednym \u017c\u00f3\u0142tku, cynamon i rum.<br \/>\n2. Wymiesza\u0107 oba rodzaje m\u0105ki i mielone orzechy.<br \/>\n3. Wysmarowan\u0105 mas\u0142em i wysypana bu\u0142k\u0105 form\u0119 wstawi\u0107 do lod\u00f3wki.<br \/>\n4. Bia\u0142ka ubi\u0107 ze szczypt\u0105 soli na sztywn\u0105 pian\u0119. Dodawa\u0107 ostro\u017cnie, mieszaj\u0105c, m\u0105k\u0119 i mas\u0119 ma\u015blan\u0105.<br \/>\n5. Przela\u0107 mas\u0119 do formy.<br \/>\n6. W nagrzanym do 160 st. C piec babk\u0119 60 minut.<br \/>\nPrawie ostudzon\u0105 wyj\u0105\u0107 z formy i posypa\u0107 cukrem pudrem.<\/p>\n","protected":false},"excerpt":{"rendered":"<p>35 dag mas\u0142a, 3\/4 szklanki i szklanka cukru, 8 jaj, \u0142y\u017cka cynamonu, 2 \u0142y\u017cki rumu, 1,5 szklanki m\u0105ki, 4,5 \u0142y\u017cki m\u0105ki ziemniaczanej, 30 dag mielonych orzech\u00f3w laskowych, szczypta soli, cukier puder do posypania Do posmarowania formy: \u0142y\u017ceczka mas\u0142a Do wysypania formy: 2 \u0142y\u017cki tartej bu\u0142ki 1. Mas\u0142o utrze\u0107 z 3\/4 szklanki cukru na puszyst\u0105 mas\u0119, [&hellip;]<\/p>\n","protected":false},"author":2,"featured_media":0,"comment_status":"open","ping_status":"open","sticky":false,"template":"","format":"standard","meta":{"footnotes":""},"categories":[1],"tags":[],"_links":{"self":[{"href":"https:\/\/blog.polityka.pl\/adamczewski\/wp-json\/wp\/v2\/posts\/11293"}],"collection":[{"href":"https:\/\/blog.polityka.pl\/adamczewski\/wp-json\/wp\/v2\/posts"}],"about":[{"href":"https:\/\/blog.polityka.pl\/adamczewski\/wp-json\/wp\/v2\/types\/post"}],"author":[{"embeddable":true,"href":"https:\/\/blog.polityka.pl\/adamczewski\/wp-json\/wp\/v2\/users\/2"}],"replies":[{"embeddable":true,"href":"https:\/\/blog.polityka.pl\/adamczewski\/wp-json\/wp\/v2\/comments?post=11293"}],"version-history":[{"count":0,"href":"https:\/\/blog.polityka.pl\/adamczewski\/wp-json\/wp\/v2\/posts\/11293\/revisions"}],"wp:attachment":[{"href":"https:\/\/blog.polityka.pl\/adamczewski\/wp-json\/wp\/v2\/media?parent=11293"}],"wp:term":[{"taxonomy":"category","embeddable":true,"href":"https:\/\/blog.polityka.pl\/adamczewski\/wp-json\/wp\/v2\/categories?post=11293"},{"taxonomy":"post_tag","embeddable":true,"href":"https:\/\/blog.polityka.pl\/adamczewski\/wp-json\/wp\/v2\/tags?post=11293"}],"curies":[{"name":"wp","href":"https:\/\/api.w.org\/{rel}","templated":true}]}}