
{"id":11297,"date":"2013-02-28T16:09:16","date_gmt":"2013-02-28T15:09:16","guid":{"rendered":"http:\/\/adamczewscy.pl\/?p=4042"},"modified":"2013-02-28T16:09:16","modified_gmt":"2013-02-28T15:09:16","slug":"zabnica-pieczona-z-pomidorkami-i-rozmarynem","status":"publish","type":"post","link":"https:\/\/blog.polityka.pl\/adamczewski\/2013\/02\/28\/zabnica-pieczona-z-pomidorkami-i-rozmarynem\/","title":{"rendered":"\u017babnica pieczona z pomidorkami i rozmarynem"},"content":{"rendered":"<p><a href=\"http:\/\/adamczewscy.pl\/wp-content\/uploads\/2013\/02\/\u017babnica-przed-piecem.jpg\"><img loading=\"lazy\" decoding=\"async\" src=\"http:\/\/adamczewscy.pl\/wp-content\/uploads\/2013\/02\/\u017babnica-przed-piecem.jpg\" alt=\"\" title=\"OLYMPUS DIGITAL CAMERA\" width=\"400\" height=\"300\" class=\"alignnone size-full wp-image-4043\" \/><\/a><\/p>\n<p><em>\u017babnica, pomidorki koktajlowe, rozmaryn, oliwa, pieprz, s\u00f3l<\/em><\/p>\n<p>1. Umyt\u0105 i os\u0105czona tuszk\u0119 \u017cabnicy u\u0142o\u017cy\u0107 w brytfannie na cienkiej warstewce oliwy. Delikatnie posoli\u0107, posypa\u0107 \u015bwie\u017co zmielonym pieprzem, igie\u0142kami rozmarynu i  skropi\u0107 oliw\u0105.<br \/>\n2. Ob\u0142o\u017cy\u0107 wok\u00f3\u0142 umytymi i os\u0105czonymi z wody pomidorkami koktajlowymi.<br \/>\n3. Piec w piekarniku w temperaturze 180 st. C przez 20 ? 30 minut, sprawdzaj\u0105c pod koniec, czy  jest gotowa.<\/p>\n","protected":false},"excerpt":{"rendered":"<p>\u017babnica, pomidorki koktajlowe, rozmaryn, oliwa, pieprz, s\u00f3l 1. Umyt\u0105 i os\u0105czona tuszk\u0119 \u017cabnicy u\u0142o\u017cy\u0107 w brytfannie na cienkiej warstewce oliwy. Delikatnie posoli\u0107, posypa\u0107 \u015bwie\u017co zmielonym pieprzem, igie\u0142kami rozmarynu i skropi\u0107 oliw\u0105. 2. Ob\u0142o\u017cy\u0107 wok\u00f3\u0142 umytymi i os\u0105czonymi z wody pomidorkami koktajlowymi. 3. Piec w piekarniku w temperaturze 180 st. C przez 20 ? 30 minut, [&hellip;]<\/p>\n","protected":false},"author":2,"featured_media":0,"comment_status":"open","ping_status":"open","sticky":false,"template":"","format":"standard","meta":{"footnotes":""},"categories":[1],"tags":[],"_links":{"self":[{"href":"https:\/\/blog.polityka.pl\/adamczewski\/wp-json\/wp\/v2\/posts\/11297"}],"collection":[{"href":"https:\/\/blog.polityka.pl\/adamczewski\/wp-json\/wp\/v2\/posts"}],"about":[{"href":"https:\/\/blog.polityka.pl\/adamczewski\/wp-json\/wp\/v2\/types\/post"}],"author":[{"embeddable":true,"href":"https:\/\/blog.polityka.pl\/adamczewski\/wp-json\/wp\/v2\/users\/2"}],"replies":[{"embeddable":true,"href":"https:\/\/blog.polityka.pl\/adamczewski\/wp-json\/wp\/v2\/comments?post=11297"}],"version-history":[{"count":0,"href":"https:\/\/blog.polityka.pl\/adamczewski\/wp-json\/wp\/v2\/posts\/11297\/revisions"}],"wp:attachment":[{"href":"https:\/\/blog.polityka.pl\/adamczewski\/wp-json\/wp\/v2\/media?parent=11297"}],"wp:term":[{"taxonomy":"category","embeddable":true,"href":"https:\/\/blog.polityka.pl\/adamczewski\/wp-json\/wp\/v2\/categories?post=11297"},{"taxonomy":"post_tag","embeddable":true,"href":"https:\/\/blog.polityka.pl\/adamczewski\/wp-json\/wp\/v2\/tags?post=11297"}],"curies":[{"name":"wp","href":"https:\/\/api.w.org\/{rel}","templated":true}]}}