
{"id":11298,"date":"2013-02-28T16:11:09","date_gmt":"2013-02-28T15:11:09","guid":{"rendered":"http:\/\/adamczewscy.pl\/?p=4045"},"modified":"2013-02-28T16:11:09","modified_gmt":"2013-02-28T15:11:09","slug":"zupa-koperkowa-z-ryzem","status":"publish","type":"post","link":"https:\/\/blog.polityka.pl\/adamczewski\/2013\/02\/28\/zupa-koperkowa-z-ryzem\/","title":{"rendered":"Zupa koperkowa z ry\u017cem"},"content":{"rendered":"<p><em>2 marchwie, pietruszka, kawa\u0142ek pora i kawa\u0142ek selera, kostka roso\u0142u warzywnego, 4 \u0142y\u017cki ry\u017cu, szklanka mleka, \u017c\u00f3\u0142tko, s\u00f3l, pieprz, 5 \u0142y\u017cek siekanego \u015bwie\u017cego koperku<\/em><\/p>\n<p>1. Obran\u0105 i pokrojon\u0105 na kawa\u0142ki w\u0142oszczyzn\u0119 zala\u0107 4 szklankami wody, doda\u0107 kostk\u0119 warzywnego roso\u0142u i gotowa\u0107 ok. 30 minut.<br \/>\n2. Ry\u017c  wrzuci\u0107 do zupy  i gotowa\u0107, a\u017c zmi\u0119knie.<br \/>\n3. Do zupy  doda\u0107  4 \u0142y\u017cki koperku; wymiesza\u0107 \u017c\u00f3\u0142tko z mlekiem i wla\u0107 do pozosta\u0142ej zupy. Silnie zagrza\u0107, ale nie gotowa\u0107, doprawi\u0107 sol\u0105 i pieprzem.<br \/>\nZup\u0119 podawa\u0107  posypan\u0105 pozosta\u0142ym koperkiem.<\/p>\n","protected":false},"excerpt":{"rendered":"<p>2 marchwie, pietruszka, kawa\u0142ek pora i kawa\u0142ek selera, kostka roso\u0142u warzywnego, 4 \u0142y\u017cki ry\u017cu, szklanka mleka, \u017c\u00f3\u0142tko, s\u00f3l, pieprz, 5 \u0142y\u017cek siekanego \u015bwie\u017cego koperku 1. Obran\u0105 i pokrojon\u0105 na kawa\u0142ki w\u0142oszczyzn\u0119 zala\u0107 4 szklankami wody, doda\u0107 kostk\u0119 warzywnego roso\u0142u i gotowa\u0107 ok. 30 minut. 2. Ry\u017c wrzuci\u0107 do zupy i gotowa\u0107, a\u017c zmi\u0119knie. 3. Do [&hellip;]<\/p>\n","protected":false},"author":2,"featured_media":0,"comment_status":"open","ping_status":"open","sticky":false,"template":"","format":"standard","meta":{"footnotes":""},"categories":[1],"tags":[],"_links":{"self":[{"href":"https:\/\/blog.polityka.pl\/adamczewski\/wp-json\/wp\/v2\/posts\/11298"}],"collection":[{"href":"https:\/\/blog.polityka.pl\/adamczewski\/wp-json\/wp\/v2\/posts"}],"about":[{"href":"https:\/\/blog.polityka.pl\/adamczewski\/wp-json\/wp\/v2\/types\/post"}],"author":[{"embeddable":true,"href":"https:\/\/blog.polityka.pl\/adamczewski\/wp-json\/wp\/v2\/users\/2"}],"replies":[{"embeddable":true,"href":"https:\/\/blog.polityka.pl\/adamczewski\/wp-json\/wp\/v2\/comments?post=11298"}],"version-history":[{"count":0,"href":"https:\/\/blog.polityka.pl\/adamczewski\/wp-json\/wp\/v2\/posts\/11298\/revisions"}],"wp:attachment":[{"href":"https:\/\/blog.polityka.pl\/adamczewski\/wp-json\/wp\/v2\/media?parent=11298"}],"wp:term":[{"taxonomy":"category","embeddable":true,"href":"https:\/\/blog.polityka.pl\/adamczewski\/wp-json\/wp\/v2\/categories?post=11298"},{"taxonomy":"post_tag","embeddable":true,"href":"https:\/\/blog.polityka.pl\/adamczewski\/wp-json\/wp\/v2\/tags?post=11298"}],"curies":[{"name":"wp","href":"https:\/\/api.w.org\/{rel}","templated":true}]}}