
{"id":11299,"date":"2013-02-28T16:12:44","date_gmt":"2013-02-28T15:12:44","guid":{"rendered":"http:\/\/adamczewscy.pl\/?p=4047"},"modified":"2013-02-28T16:12:44","modified_gmt":"2013-02-28T15:12:44","slug":"zupa-fasolowa-przepyszna","status":"publish","type":"post","link":"https:\/\/blog.polityka.pl\/adamczewski\/2013\/02\/28\/zupa-fasolowa-przepyszna\/","title":{"rendered":"Zupa fasolowa przepyszna"},"content":{"rendered":"<p><em>20 dag \u015bredniej suchej fasoli, 25 &#8211; 30 dag sk\u00f3rki  z  boczku, szklanka po\u0142amanego  do\u015b\u0107 drobno makaronu spaghetti, cebula, 2 z\u0105bki czosnku, opakowanie selera naciowego, 2 \u0142y\u017cki oliwy, kilka listk\u00f3w \u015bwie\u017cej sza\u0142wii, 3\/4  szklanki startego parmezanu, s\u00f3l, pieprz<\/em><\/p>\n<p>1. Fasol\u0119 zala\u0107 2 szklankami wody i odstawi\u0107 na kilkana\u015bcie godzin.<br \/>\n2. Zagotowa\u0107 fasol\u0119 w tej samej wodzie, dola\u0107 kolejne 3 szklanki wody i doda\u0107 posiekan\u0105 cebul\u0119, przeci\u015bni\u0119ty przez prask\u0119 czosnek i pokrojony  na ma\u0142e kawa\u0142ki seler naciowy, listki sza\u0142wii i sk\u00f3rk\u0119 z boczku (zwr\u00f3ci\u0107 uwag\u0119, czy jest dobrze oczyszczona!). Gotowa\u0107 na ma\u0142ym ogniu pod przykryciem 2 godziny.<br \/>\n3. Cz\u0119\u015b\u0107 zupy z fasol\u0105 w osobnym naczyniu zmiksowa\u0107, po\u0142\u0105czy\u0107 z pozosta\u0142\u0105 zup\u0105, doprawi\u0107 sol\u0105 i pieprzem.<br \/>\n4. Do zupy doda\u0107 po\u0142amany makaron i gotowa\u0107 10 minut.<br \/>\n5. Wyj\u0105\u0107 sk\u00f3rk\u0119 z boczku, pokroi\u0107 w paski i doda\u0107 do zupy.<br \/>\n6. Podawa\u0107 zup\u0119 posypan\u0105 startym parmezanem.<\/p>\n","protected":false},"excerpt":{"rendered":"<p>20 dag \u015bredniej suchej fasoli, 25 &#8211; 30 dag sk\u00f3rki z boczku, szklanka po\u0142amanego do\u015b\u0107 drobno makaronu spaghetti, cebula, 2 z\u0105bki czosnku, opakowanie selera naciowego, 2 \u0142y\u017cki oliwy, kilka listk\u00f3w \u015bwie\u017cej sza\u0142wii, 3\/4 szklanki startego parmezanu, s\u00f3l, pieprz 1. Fasol\u0119 zala\u0107 2 szklankami wody i odstawi\u0107 na kilkana\u015bcie godzin. 2. Zagotowa\u0107 fasol\u0119 w tej samej [&hellip;]<\/p>\n","protected":false},"author":2,"featured_media":0,"comment_status":"open","ping_status":"open","sticky":false,"template":"","format":"standard","meta":{"footnotes":""},"categories":[1],"tags":[],"_links":{"self":[{"href":"https:\/\/blog.polityka.pl\/adamczewski\/wp-json\/wp\/v2\/posts\/11299"}],"collection":[{"href":"https:\/\/blog.polityka.pl\/adamczewski\/wp-json\/wp\/v2\/posts"}],"about":[{"href":"https:\/\/blog.polityka.pl\/adamczewski\/wp-json\/wp\/v2\/types\/post"}],"author":[{"embeddable":true,"href":"https:\/\/blog.polityka.pl\/adamczewski\/wp-json\/wp\/v2\/users\/2"}],"replies":[{"embeddable":true,"href":"https:\/\/blog.polityka.pl\/adamczewski\/wp-json\/wp\/v2\/comments?post=11299"}],"version-history":[{"count":0,"href":"https:\/\/blog.polityka.pl\/adamczewski\/wp-json\/wp\/v2\/posts\/11299\/revisions"}],"wp:attachment":[{"href":"https:\/\/blog.polityka.pl\/adamczewski\/wp-json\/wp\/v2\/media?parent=11299"}],"wp:term":[{"taxonomy":"category","embeddable":true,"href":"https:\/\/blog.polityka.pl\/adamczewski\/wp-json\/wp\/v2\/categories?post=11299"},{"taxonomy":"post_tag","embeddable":true,"href":"https:\/\/blog.polityka.pl\/adamczewski\/wp-json\/wp\/v2\/tags?post=11299"}],"curies":[{"name":"wp","href":"https:\/\/api.w.org\/{rel}","templated":true}]}}