
{"id":113,"date":"2006-12-29T10:17:53","date_gmt":"2006-12-29T09:17:53","guid":{"rendered":"http:\/\/adamczewski.blog.polityka.pl\/?p=113"},"modified":"2007-01-18T13:18:57","modified_gmt":"2007-01-18T12:18:57","slug":"geniusze-tez-czasami-zasiadali-przy-stole","status":"publish","type":"post","link":"https:\/\/blog.polityka.pl\/adamczewski\/2006\/12\/29\/geniusze-tez-czasami-zasiadali-przy-stole\/","title":{"rendered":"Geniusze te\u017c (czasami) zasiadali przy stole"},"content":{"rendered":"<p>Wielcy uczeni te\u017c maj\u0105 przywary. I to bardzo cz\u0119sto w\u0142a\u015bnie dzi\u0119ki nim staja si\u0119 bardziej ludzcy. Ch\u0119tniej o nich czytamy, bo to i nas rozgrzesza z w\u0142asnych przywar. Oto dwa &#8211; oczywi\u015bcie zwi\u0105zane tematem kulinarnym &#8211; obrazki z \u017cycia wielkich uczonych.<\/p>\n<p>Pierwsze przyj\u0119cie Izaak Newton wyda\u0142 w 1667 roku gdy otrzyma\u0142 stopie\u0144 baka\u0142arza i sta\u0142\u0105 dobrze p\u0142atn\u0105 posad\u0119 na uniwersytecie w Cambridge. Wykosztowa\u0142 si\u0119 w\u00f3wczas za ca\u0142e dwa funty. Opr\u00f3cz proszonego obiadu w tawernie pieni\u0105dze te posz\u0142y na tog\u0119 i nowoczesn\u0105 tokark\u0119 oraz &#8211; jaki to wstyd dla tak puryta\u0144skiego uczonego &#8211; na przegran\u0105 w karty. Drugie przyj\u0119cie musia\u0142 urz\u0105dzi\u0107 ju\u017c w rok p\u00f3\u017aniej. W\u00f3wczas to otrzyma\u0142 bowiem stopie\u0144 magistra sztuki.<\/p>\n<p><img loading=\"lazy\" decoding=\"async\" width=\"321\" height=\"400\" border=\"0\" title=\"newton.jpg\" alt=\"newton.jpg\" src=\"http:\/\/adamczewski.blog.polityka.pl\/wp-content\/uploads\/newton.jpg\" \/><\/p>\n<p>Kolejny bankiet mia\u0142 miejsce w&#8230; 30 lat p\u00f3\u017aniej. W 1696 roku jeden z europejskich gigant\u00f3w nauki otrzyma\u0142 propozycj\u0119 obj\u0119cia posady kuratora kr\u00f3lewskiej mennicy w Londynie. Newton nie zastanawia\u0142 si\u0119 d\u0142ugo. Rzuci\u0142 Cambridge, nauk\u0119 i spo\u0142eczno\u015b\u0107 uczonych by obj\u0105\u0107 intratn\u0105 posad\u0119. I cho\u0107 sam pot\u0119pia\u0142 konsumpcyjn\u0105 rozrzutno\u015b\u0107 rodak\u00f3w kupuj\u0105cych bardzo w\u00f3wczas modn\u0105 star\u0105 chi\u0144sk\u0105 porcelan\u0119, sam te\u017c rozsmakowa\u0142 si\u0119 w bogactwie. Wkr\u00f3tce ju\u017c mia\u0142 w domu komplet sreber, pi\u0119kne \u015bwieczniki i dwa te\u017c srebrne nocniki. Zacz\u0105\u0142 te\u017c bywa\u0107 w kawiarniach.<\/p>\n<p>Szczytem jego kulinarnych upodoba\u0144 by\u0142a za\u015b klasyczna angielska zupa &#8211; oxtail soup.<\/p>\n<p>Min\u0119\u0142o niema trzysta lat i zagl\u0105damy do alkowy oraz pokoju sto\u0142owego kolejnego geniusza fizyki. Jedyn\u0105 i prawdziw\u0105 mi\u0142o\u015bci\u0105 Alberta Einsteina by\u0142a fizyka. Nie znaczy to, \u017ce s\u0142ynny uczony nie zwraca\u0142 uwagi na kobiety (zw\u0142aszcza na ich umiej\u0119tno\u015bci kulinarne). By\u0142, i owszem, skwapliwy do p\u0142ci odmiennej i to od wczesnej m\u0142odo\u015bci. Nie przeszkadza\u0142o mu te\u017c wcale wyznawszy jakiej\u015b pannie uczucie flirtowa\u0107 z jej m\u0142odsz\u0105 siostr\u0105.<\/p>\n<p><img loading=\"lazy\" decoding=\"async\" width=\"304\" height=\"400\" border=\"0\" alt=\"einstein.jpg\" title=\"einstein.jpg\" src=\"http:\/\/adamczewski.blog.polityka.pl\/wp-content\/uploads\/einstein.jpg\" \/><\/p>\n<p>Jego pierwsza \u017cona Mileva Mari\u0107 nie mia\u0142a wi\u0119c \u0142atwego \u017cycia. Nie do\u015b\u0107, \u017ce m\u0105\u017c nie zauwa\u017ca\u0142 jej niema\u0142ego (niekt\u00f3rzy twierdz\u0105, \u017ce zasadniczego) wk\u0142adu w swoje pierwsze prace &#8211; w\u0142\u0105cznie z teori\u0105 wzgl\u0119dno\u015bci &#8211; to jeszcze ca\u0142y czas musia\u0142a si\u0119 ogania\u0107 od rywalek.<\/p>\n<p>W ko\u0144cu dosz\u0142o do rozwodu. Einstein by\u0142 ju\u017c w\u00f3wczas mocno zwi\u0105zany ze sw\u0105 kuzynk\u0105 Elz\u0105. Uwielbia\u0142 jej opieku\u0144czo\u015b\u0107 i&#8230; kuchni\u0119. Mileva stawia\u0142a jednak op\u00f3r chc\u0105c ratowa\u0107 ma\u0142\u017ce\u0144stwo i martwi\u0105c si\u0119 o dw\u00f3ch syn\u00f3w. Wtedy Albert wytoczy\u0142 najci\u0119\u017csze dzia\u0142o: &#8222;Kart\u0119 atutow\u0105 Einsteina stanowi\u0142a Nagroda Nobla z fizyki. Gdyby Mileva nie stawia\u0142a przeszk\u00f3d przy rozwodzie, mia\u0142a otrzyma\u0107 ca\u0142e pieni\u0105dze z tej nagrody, co zapewni\u0142oby bezpieczn\u0105 przysz\u0142o\u015b\u0107 jej i synom. W przeciwnym razie nie zobaczy\u0142aby ani grosza ponad sum\u0119 6 tysi\u0119cy frank\u00f3w szwajcarskich rocznie, kt\u00f3re jego zdaniem wystarcza\u0142y na przyzwoite utrzymanie. Widzimy wi\u0119c, \u017ce zamiast uznania ewentualnego &#8211; znacznego jak twierdzili niekt\u00f3rzy &#8211; wk\u0142adu Milevy do teorii wzgl\u0119dno\u015bci, Einstein traktowa\u0142 Nagrod\u0119 Nobla wy\u0142\u0105cznie jako \u015brodek u\u0142atwiaj\u0105cy mu uzyskanie rozwodu. (&#8230;) Pozostawa\u0142 tylko jeden szkopu\u0142 &#8211; Einstein jeszcze tej nagrody nie otrzyma\u0142.&#8221;<\/p>\n<p>Dosta\u0142 j\u0105 jednak pi\u0119\u0107 lat p\u00f3\u017aniej w 1922 roku. A dzi\u0119ki sile swej argumentacji by\u0142 po rozwodzie znacznie wcze\u015bniej. W 1918 roku by\u0142 ju\u017c m\u0119\u017cem Elzy i m\u00f3g\u0142 je\u015b\u0107 dowoli przyrz\u0105dzane przez ni\u0105 po mistrzowsku grzybki.<\/p>\n","protected":false},"excerpt":{"rendered":"<p>Wielcy uczeni te\u017c maj\u0105 przywary. I to bardzo cz\u0119sto w\u0142a\u015bnie dzi\u0119ki nim staja si\u0119 bardziej ludzcy. Ch\u0119tniej o nich czytamy, bo to i nas rozgrzesza z w\u0142asnych przywar. Oto dwa &#8211; oczywi\u015bcie zwi\u0105zane tematem kulinarnym &#8211; obrazki z \u017cycia wielkich uczonych. Pierwsze przyj\u0119cie Izaak Newton wyda\u0142 w 1667 roku gdy otrzyma\u0142 stopie\u0144 baka\u0142arza i sta\u0142\u0105 [&hellip;]<\/p>\n","protected":false},"author":2,"featured_media":0,"comment_status":"open","ping_status":"open","sticky":false,"template":"","format":"standard","meta":{"footnotes":""},"categories":[1],"tags":[],"_links":{"self":[{"href":"https:\/\/blog.polityka.pl\/adamczewski\/wp-json\/wp\/v2\/posts\/113"}],"collection":[{"href":"https:\/\/blog.polityka.pl\/adamczewski\/wp-json\/wp\/v2\/posts"}],"about":[{"href":"https:\/\/blog.polityka.pl\/adamczewski\/wp-json\/wp\/v2\/types\/post"}],"author":[{"embeddable":true,"href":"https:\/\/blog.polityka.pl\/adamczewski\/wp-json\/wp\/v2\/users\/2"}],"replies":[{"embeddable":true,"href":"https:\/\/blog.polityka.pl\/adamczewski\/wp-json\/wp\/v2\/comments?post=113"}],"version-history":[{"count":0,"href":"https:\/\/blog.polityka.pl\/adamczewski\/wp-json\/wp\/v2\/posts\/113\/revisions"}],"wp:attachment":[{"href":"https:\/\/blog.polityka.pl\/adamczewski\/wp-json\/wp\/v2\/media?parent=113"}],"wp:term":[{"taxonomy":"category","embeddable":true,"href":"https:\/\/blog.polityka.pl\/adamczewski\/wp-json\/wp\/v2\/categories?post=113"},{"taxonomy":"post_tag","embeddable":true,"href":"https:\/\/blog.polityka.pl\/adamczewski\/wp-json\/wp\/v2\/tags?post=113"}],"curies":[{"name":"wp","href":"https:\/\/api.w.org\/{rel}","templated":true}]}}