
{"id":11301,"date":"2013-02-28T16:14:41","date_gmt":"2013-02-28T15:14:41","guid":{"rendered":"http:\/\/adamczewscy.pl\/?p=4051"},"modified":"2013-02-28T16:14:41","modified_gmt":"2013-02-28T15:14:41","slug":"pomidorowa-watrobka","status":"publish","type":"post","link":"https:\/\/blog.polityka.pl\/adamczewski\/2013\/02\/28\/pomidorowa-watrobka\/","title":{"rendered":"Pomidorowa w\u0105tr\u00f3bka"},"content":{"rendered":"<p><em>Ok. 1\/2 kg w\u0105tr\u00f3bek drobiowych, \u0142y\u017cka m\u0105ki, 30 dag pieczarek, 2 \u015brednie cebule, puszka krojonych  pomidor\u00f3w  bez sk\u00f3rki, szklanka \u015bmietany, s\u00f3l, pieprz, 3 \u0142y\u017cki oliwy do sma\u017cenia<\/em><\/p>\n<p>1. Pieczarki oczy\u015bci\u0107 i pokroi\u0107 w plasterki, cebul\u0119 posieka\u0107, w\u0105tr\u00f3bk\u0119 oczy\u015bci\u0107, umy\u0107, osuszy\u0107, posypa\u0107 lekko m\u0105k\u0105.<br \/>\n2. Na g\u0142\u0119bokiej patelni rozgrza\u0107 oliw\u0119, podsma\u017cy\u0107 w\u0105tr\u00f3bk\u0119, doda\u0107 pieczarki i cebul\u0119, sma\u017cy\u0107 15 minut na do\u015b\u0107 ma\u0142ym ogniu.<br \/>\n3. Do w\u0105tr\u00f3bki doda\u0107 pomidory z puszki i dalej dusi\u0107 pod przykryciem  kolejne 15 minut.<br \/>\n4. Potraw\u0119 zala\u0107 \u015bmietan\u0105 i jeszcze chwil\u0119 na ma\u0142ym ogniu gotowa\u0107, doprawi\u0107 sol\u0105 i pieprzem.<br \/>\nPodawa\u0107 potraw\u0119 z ry\u017cem lub kasz\u0105 kuskus.<\/p>\n","protected":false},"excerpt":{"rendered":"<p>Ok. 1\/2 kg w\u0105tr\u00f3bek drobiowych, \u0142y\u017cka m\u0105ki, 30 dag pieczarek, 2 \u015brednie cebule, puszka krojonych pomidor\u00f3w bez sk\u00f3rki, szklanka \u015bmietany, s\u00f3l, pieprz, 3 \u0142y\u017cki oliwy do sma\u017cenia 1. Pieczarki oczy\u015bci\u0107 i pokroi\u0107 w plasterki, cebul\u0119 posieka\u0107, w\u0105tr\u00f3bk\u0119 oczy\u015bci\u0107, umy\u0107, osuszy\u0107, posypa\u0107 lekko m\u0105k\u0105. 2. Na g\u0142\u0119bokiej patelni rozgrza\u0107 oliw\u0119, podsma\u017cy\u0107 w\u0105tr\u00f3bk\u0119, doda\u0107 pieczarki i cebul\u0119, [&hellip;]<\/p>\n","protected":false},"author":2,"featured_media":0,"comment_status":"open","ping_status":"open","sticky":false,"template":"","format":"standard","meta":{"footnotes":""},"categories":[1],"tags":[],"_links":{"self":[{"href":"https:\/\/blog.polityka.pl\/adamczewski\/wp-json\/wp\/v2\/posts\/11301"}],"collection":[{"href":"https:\/\/blog.polityka.pl\/adamczewski\/wp-json\/wp\/v2\/posts"}],"about":[{"href":"https:\/\/blog.polityka.pl\/adamczewski\/wp-json\/wp\/v2\/types\/post"}],"author":[{"embeddable":true,"href":"https:\/\/blog.polityka.pl\/adamczewski\/wp-json\/wp\/v2\/users\/2"}],"replies":[{"embeddable":true,"href":"https:\/\/blog.polityka.pl\/adamczewski\/wp-json\/wp\/v2\/comments?post=11301"}],"version-history":[{"count":0,"href":"https:\/\/blog.polityka.pl\/adamczewski\/wp-json\/wp\/v2\/posts\/11301\/revisions"}],"wp:attachment":[{"href":"https:\/\/blog.polityka.pl\/adamczewski\/wp-json\/wp\/v2\/media?parent=11301"}],"wp:term":[{"taxonomy":"category","embeddable":true,"href":"https:\/\/blog.polityka.pl\/adamczewski\/wp-json\/wp\/v2\/categories?post=11301"},{"taxonomy":"post_tag","embeddable":true,"href":"https:\/\/blog.polityka.pl\/adamczewski\/wp-json\/wp\/v2\/tags?post=11301"}],"curies":[{"name":"wp","href":"https:\/\/api.w.org\/{rel}","templated":true}]}}