
{"id":11302,"date":"2013-02-28T16:15:30","date_gmt":"2013-02-28T15:15:30","guid":{"rendered":"http:\/\/adamczewscy.pl\/?p=4053"},"modified":"2013-02-28T16:15:30","modified_gmt":"2013-02-28T15:15:30","slug":"minestrone-ekspresowa","status":"publish","type":"post","link":"https:\/\/blog.polityka.pl\/adamczewski\/2013\/02\/28\/minestrone-ekspresowa\/","title":{"rendered":"Minestrone ekspresowa"},"content":{"rendered":"<p><em>6 szklanek roso\u0142u (mo\u017ce by\u0107 z kostki, wo\u0142owy), p\u00f3\u0142 du\u017cego kalafiora lub jeden ma\u0142y, niedu\u017ce broku\u0142y, 4 marchwie, \u015bredni seler, cebula, por, 3 dojrza\u0142e pomidory, z\u0105bek czosnku, 3 \u0142y\u017cki oliwy, pieprz, s\u00f3l<\/em><\/p>\n<p>1. Oczyszczone i umyte warzywa  rozdrobni\u0107: seler, por  i marchew w paski, cebul\u0119 w pi\u00f3rka, broku\u0142y i kalafior podzieli\u0107 na drobne r\u00f3\u017cyczki, pomidory sparzy\u0107, obra\u0107 ze sk\u00f3rki i pokroi \u0107 w \u00f3semki. Czosnek przecisn\u0105\u0107 przez prask\u0119.<br \/>\n2. Rozgrza\u0107 w garnku oliw\u0119, podsma\u017cy\u0107 na niej rozdrobnione warzywa, doda\u0107 czosnek i ros\u00f3\u0142. Gotowa\u0107 20 minut, w tym czasie doprawi\u0107 sol\u0105 i pieprzem.<br \/>\n3. Podawa\u0107 z tostami.<\/p>\n","protected":false},"excerpt":{"rendered":"<p>6 szklanek roso\u0142u (mo\u017ce by\u0107 z kostki, wo\u0142owy), p\u00f3\u0142 du\u017cego kalafiora lub jeden ma\u0142y, niedu\u017ce broku\u0142y, 4 marchwie, \u015bredni seler, cebula, por, 3 dojrza\u0142e pomidory, z\u0105bek czosnku, 3 \u0142y\u017cki oliwy, pieprz, s\u00f3l 1. Oczyszczone i umyte warzywa rozdrobni\u0107: seler, por i marchew w paski, cebul\u0119 w pi\u00f3rka, broku\u0142y i kalafior podzieli\u0107 na drobne r\u00f3\u017cyczki, pomidory [&hellip;]<\/p>\n","protected":false},"author":2,"featured_media":0,"comment_status":"open","ping_status":"open","sticky":false,"template":"","format":"standard","meta":{"footnotes":""},"categories":[1],"tags":[],"_links":{"self":[{"href":"https:\/\/blog.polityka.pl\/adamczewski\/wp-json\/wp\/v2\/posts\/11302"}],"collection":[{"href":"https:\/\/blog.polityka.pl\/adamczewski\/wp-json\/wp\/v2\/posts"}],"about":[{"href":"https:\/\/blog.polityka.pl\/adamczewski\/wp-json\/wp\/v2\/types\/post"}],"author":[{"embeddable":true,"href":"https:\/\/blog.polityka.pl\/adamczewski\/wp-json\/wp\/v2\/users\/2"}],"replies":[{"embeddable":true,"href":"https:\/\/blog.polityka.pl\/adamczewski\/wp-json\/wp\/v2\/comments?post=11302"}],"version-history":[{"count":0,"href":"https:\/\/blog.polityka.pl\/adamczewski\/wp-json\/wp\/v2\/posts\/11302\/revisions"}],"wp:attachment":[{"href":"https:\/\/blog.polityka.pl\/adamczewski\/wp-json\/wp\/v2\/media?parent=11302"}],"wp:term":[{"taxonomy":"category","embeddable":true,"href":"https:\/\/blog.polityka.pl\/adamczewski\/wp-json\/wp\/v2\/categories?post=11302"},{"taxonomy":"post_tag","embeddable":true,"href":"https:\/\/blog.polityka.pl\/adamczewski\/wp-json\/wp\/v2\/tags?post=11302"}],"curies":[{"name":"wp","href":"https:\/\/api.w.org\/{rel}","templated":true}]}}