
{"id":11306,"date":"2013-03-08T09:57:35","date_gmt":"2013-03-08T08:57:35","guid":{"rendered":"http:\/\/adamczewscy.pl\/?p=4097"},"modified":"2013-03-08T09:57:35","modified_gmt":"2013-03-08T08:57:35","slug":"losos-aromatyczny-z-patelni","status":"publish","type":"post","link":"https:\/\/blog.polityka.pl\/adamczewski\/2013\/03\/08\/losos-aromatyczny-z-patelni\/","title":{"rendered":"\u0141oso\u015b aromatyczny z patelni"},"content":{"rendered":"<p><em>Ok.1 kg \u0142ososia w dzwonkach, 2 \u0142y\u017cki m\u0105ki, s\u00f3l, 1\/2  szklanki oleju do sma\u017cenia<br \/>\nNa marynat\u0119: 1\/2 \u0142y\u017ceczki startej ga\u0142ki muszkato\u0142owej, 1\/2  \u0142y\u017ceczki mielonej kolendry, 1\/2  \u0142y\u017ceczki mielonego imbiru, 4 z\u0105bki czosnku, sk\u00f3rka starta z cytryny, sok cytrynowy<br \/>\nDo przybrania: 3 \u0142y\u017cki posiekanej zielonej pietruszki, 3 \u0142y\u017cki drobno posiekanej cebuli<\/em><\/p>\n<p>1. \u0141ososia umy\u0107, osuszy\u0107, lekko posoli\u0107 i pod przykryciem wstawi\u0107 do lod\u00f3wki na godzin\u0119.<br \/>\n2. Przygotowa\u0107 marynat\u0119: przeci\u015bni\u0119ty przez prask\u0119 czosnek wymiesza\u0107 z sokiem i sk\u00f3rk\u0105 cytrynow\u0105, imbirem i ga\u0142k\u0105  oraz kolendr\u0105<br \/>\n3. Posmarowa\u0107 kawa\u0142ki ryby marynat\u0105 i odstawi\u0107  zn\u00f3w do lod\u00f3wki co najmniej na 4 godziny.<br \/>\n4. Wyj\u0119te z lod\u00f3wki kawa\u0142ki ryby opr\u00f3szy\u0107 lekko m\u0105k\u0105 i usma\u017cy\u0107 na z\u0142ocisto na rozgrzanym oleju.<\/p>\n","protected":false},"excerpt":{"rendered":"<p>Ok.1 kg \u0142ososia w dzwonkach, 2 \u0142y\u017cki m\u0105ki, s\u00f3l, 1\/2 szklanki oleju do sma\u017cenia Na marynat\u0119: 1\/2 \u0142y\u017ceczki startej ga\u0142ki muszkato\u0142owej, 1\/2 \u0142y\u017ceczki mielonej kolendry, 1\/2 \u0142y\u017ceczki mielonego imbiru, 4 z\u0105bki czosnku, sk\u00f3rka starta z cytryny, sok cytrynowy Do przybrania: 3 \u0142y\u017cki posiekanej zielonej pietruszki, 3 \u0142y\u017cki drobno posiekanej cebuli 1. \u0141ososia umy\u0107, osuszy\u0107, lekko [&hellip;]<\/p>\n","protected":false},"author":2,"featured_media":0,"comment_status":"open","ping_status":"open","sticky":false,"template":"","format":"standard","meta":{"footnotes":""},"categories":[1],"tags":[],"_links":{"self":[{"href":"https:\/\/blog.polityka.pl\/adamczewski\/wp-json\/wp\/v2\/posts\/11306"}],"collection":[{"href":"https:\/\/blog.polityka.pl\/adamczewski\/wp-json\/wp\/v2\/posts"}],"about":[{"href":"https:\/\/blog.polityka.pl\/adamczewski\/wp-json\/wp\/v2\/types\/post"}],"author":[{"embeddable":true,"href":"https:\/\/blog.polityka.pl\/adamczewski\/wp-json\/wp\/v2\/users\/2"}],"replies":[{"embeddable":true,"href":"https:\/\/blog.polityka.pl\/adamczewski\/wp-json\/wp\/v2\/comments?post=11306"}],"version-history":[{"count":0,"href":"https:\/\/blog.polityka.pl\/adamczewski\/wp-json\/wp\/v2\/posts\/11306\/revisions"}],"wp:attachment":[{"href":"https:\/\/blog.polityka.pl\/adamczewski\/wp-json\/wp\/v2\/media?parent=11306"}],"wp:term":[{"taxonomy":"category","embeddable":true,"href":"https:\/\/blog.polityka.pl\/adamczewski\/wp-json\/wp\/v2\/categories?post=11306"},{"taxonomy":"post_tag","embeddable":true,"href":"https:\/\/blog.polityka.pl\/adamczewski\/wp-json\/wp\/v2\/tags?post=11306"}],"curies":[{"name":"wp","href":"https:\/\/api.w.org\/{rel}","templated":true}]}}