
{"id":11307,"date":"2013-03-08T09:58:12","date_gmt":"2013-03-08T08:58:12","guid":{"rendered":"http:\/\/adamczewscy.pl\/?p=4100"},"modified":"2013-03-08T09:58:12","modified_gmt":"2013-03-08T08:58:12","slug":"bakaliowe-szybkie-ciasteczka","status":"publish","type":"post","link":"https:\/\/blog.polityka.pl\/adamczewski\/2013\/03\/08\/bakaliowe-szybkie-ciasteczka\/","title":{"rendered":"Bakaliowe szybkie ciasteczka"},"content":{"rendered":"<p><em>Opakowanie ciasta francuskiego,1\/2  szklanki rodzynek, 3\/4  szklanki orzech\u00f3w w\u0142oskich,1\/2 szklanki migda\u0142\u00f3w,6 \u0142y\u017cek p\u0142ynnego miodu,1\/2 \u0142y\u017ceczki cynamonu<\/em><\/p>\n<p>1. Ciasto (je\u015bli jest mro\u017cone najpierw rozmrozi\u0107) roz\u0142o\u017cy\u0107 na lekko opr\u00f3szonej m\u0105k\u0105 desce, wykroi\u0107   szklank\u0105  kr\u0105\u017cki, w po\u0142owie z nich  wykroi\u0107 po\u015brodku kieliszkiem otworki.<br \/>\n2. Przygotowa\u0107 bakaliowe nadzienie: orzechy, migda\u0142y i rodzynki sparzy\u0107 wrz\u0105c\u0105 wod\u0105, os\u0105czy\u0107 i posieka\u0107.<br \/>\n3. Rozgrza\u0107 w garnuszku mi\u00f3d, doda\u0107 bakalie i dusi\u0107 2 minuty.<br \/>\n4. Na wy\u0142o\u017conej papierem do wypiek\u00f3w blaszce u\u0142o\u017cy \u0107 kr\u0105\u017cki bez otworu, na  nich uk\u0142ada\u0107 po trochu nadzienia, okry\u0107 kr\u0105\u017ckami z dziurk\u0105, zlepi\u0107 brzegi ciasteczek.<br \/>\n5. Posmarowa\u0107 wod\u0105 wierzchy ciastek i piec w nagrzanym  do 180 st. C piekarniku  oko\u0142o 25 minut. <\/p>\n","protected":false},"excerpt":{"rendered":"<p>Opakowanie ciasta francuskiego,1\/2 szklanki rodzynek, 3\/4 szklanki orzech\u00f3w w\u0142oskich,1\/2 szklanki migda\u0142\u00f3w,6 \u0142y\u017cek p\u0142ynnego miodu,1\/2 \u0142y\u017ceczki cynamonu 1. Ciasto (je\u015bli jest mro\u017cone najpierw rozmrozi\u0107) roz\u0142o\u017cy\u0107 na lekko opr\u00f3szonej m\u0105k\u0105 desce, wykroi\u0107 szklank\u0105 kr\u0105\u017cki, w po\u0142owie z nich wykroi\u0107 po\u015brodku kieliszkiem otworki. 2. Przygotowa\u0107 bakaliowe nadzienie: orzechy, migda\u0142y i rodzynki sparzy\u0107 wrz\u0105c\u0105 wod\u0105, os\u0105czy\u0107 i posieka\u0107. 3. [&hellip;]<\/p>\n","protected":false},"author":2,"featured_media":0,"comment_status":"open","ping_status":"open","sticky":false,"template":"","format":"standard","meta":{"footnotes":""},"categories":[1],"tags":[],"_links":{"self":[{"href":"https:\/\/blog.polityka.pl\/adamczewski\/wp-json\/wp\/v2\/posts\/11307"}],"collection":[{"href":"https:\/\/blog.polityka.pl\/adamczewski\/wp-json\/wp\/v2\/posts"}],"about":[{"href":"https:\/\/blog.polityka.pl\/adamczewski\/wp-json\/wp\/v2\/types\/post"}],"author":[{"embeddable":true,"href":"https:\/\/blog.polityka.pl\/adamczewski\/wp-json\/wp\/v2\/users\/2"}],"replies":[{"embeddable":true,"href":"https:\/\/blog.polityka.pl\/adamczewski\/wp-json\/wp\/v2\/comments?post=11307"}],"version-history":[{"count":0,"href":"https:\/\/blog.polityka.pl\/adamczewski\/wp-json\/wp\/v2\/posts\/11307\/revisions"}],"wp:attachment":[{"href":"https:\/\/blog.polityka.pl\/adamczewski\/wp-json\/wp\/v2\/media?parent=11307"}],"wp:term":[{"taxonomy":"category","embeddable":true,"href":"https:\/\/blog.polityka.pl\/adamczewski\/wp-json\/wp\/v2\/categories?post=11307"},{"taxonomy":"post_tag","embeddable":true,"href":"https:\/\/blog.polityka.pl\/adamczewski\/wp-json\/wp\/v2\/tags?post=11307"}],"curies":[{"name":"wp","href":"https:\/\/api.w.org\/{rel}","templated":true}]}}