
{"id":11310,"date":"2013-03-15T10:03:55","date_gmt":"2013-03-15T09:03:55","guid":{"rendered":"http:\/\/adamczewscy.pl\/?p=4114"},"modified":"2013-03-15T10:03:55","modified_gmt":"2013-03-15T09:03:55","slug":"baba-majonezowa-2","status":"publish","type":"post","link":"https:\/\/blog.polityka.pl\/adamczewski\/2013\/03\/15\/baba-majonezowa-2\/","title":{"rendered":"Baba majonezowa (2)"},"content":{"rendered":"<p><em>5 jaj, szklanka  cukru, torebeczka cukru waniliowego, 3 \u0142y\u017cki majonezu, 1,5 szklanki  m\u0105ki pszennej, 2 p\u0142askie \u0142y\u017ceczki proszku do pieczenia<\/em><\/p>\n<p>1. Ubi\u0107 jajka z cukrem i cukrem waniliowym, doda\u0107 majonez, wymiesza\u0107. Wsypa\u0107 m\u0105k\u0119 z proszkiem do pieczenia i wymiesza\u0107 ponownie mikserem.<br \/>\n2. Ciasto wla\u0107 do wysmarowanej mas\u0142em i wysypanej tart\u0105 bu\u0142k\u0105 tortownicy o \u015brednicy 24cm lub foremki na makowce.<br \/>\n3. Rozgrza\u0107 piekarnik do temperatury 200?C. Wstawi\u0107 do gor\u0105cego piekarnika i piec  30 &#8211; 40 minut.<\/p>\n","protected":false},"excerpt":{"rendered":"<p>5 jaj, szklanka cukru, torebeczka cukru waniliowego, 3 \u0142y\u017cki majonezu, 1,5 szklanki m\u0105ki pszennej, 2 p\u0142askie \u0142y\u017ceczki proszku do pieczenia 1. Ubi\u0107 jajka z cukrem i cukrem waniliowym, doda\u0107 majonez, wymiesza\u0107. Wsypa\u0107 m\u0105k\u0119 z proszkiem do pieczenia i wymiesza\u0107 ponownie mikserem. 2. Ciasto wla\u0107 do wysmarowanej mas\u0142em i wysypanej tart\u0105 bu\u0142k\u0105 tortownicy o \u015brednicy 24cm [&hellip;]<\/p>\n","protected":false},"author":2,"featured_media":0,"comment_status":"open","ping_status":"open","sticky":false,"template":"","format":"standard","meta":{"footnotes":""},"categories":[1],"tags":[],"_links":{"self":[{"href":"https:\/\/blog.polityka.pl\/adamczewski\/wp-json\/wp\/v2\/posts\/11310"}],"collection":[{"href":"https:\/\/blog.polityka.pl\/adamczewski\/wp-json\/wp\/v2\/posts"}],"about":[{"href":"https:\/\/blog.polityka.pl\/adamczewski\/wp-json\/wp\/v2\/types\/post"}],"author":[{"embeddable":true,"href":"https:\/\/blog.polityka.pl\/adamczewski\/wp-json\/wp\/v2\/users\/2"}],"replies":[{"embeddable":true,"href":"https:\/\/blog.polityka.pl\/adamczewski\/wp-json\/wp\/v2\/comments?post=11310"}],"version-history":[{"count":0,"href":"https:\/\/blog.polityka.pl\/adamczewski\/wp-json\/wp\/v2\/posts\/11310\/revisions"}],"wp:attachment":[{"href":"https:\/\/blog.polityka.pl\/adamczewski\/wp-json\/wp\/v2\/media?parent=11310"}],"wp:term":[{"taxonomy":"category","embeddable":true,"href":"https:\/\/blog.polityka.pl\/adamczewski\/wp-json\/wp\/v2\/categories?post=11310"},{"taxonomy":"post_tag","embeddable":true,"href":"https:\/\/blog.polityka.pl\/adamczewski\/wp-json\/wp\/v2\/tags?post=11310"}],"curies":[{"name":"wp","href":"https:\/\/api.w.org\/{rel}","templated":true}]}}