
{"id":11312,"date":"2013-03-15T10:07:14","date_gmt":"2013-03-15T09:07:14","guid":{"rendered":"http:\/\/adamczewscy.pl\/?p=4120"},"modified":"2013-03-15T10:07:14","modified_gmt":"2013-03-15T09:07:14","slug":"ciastka-drozdzowe","status":"publish","type":"post","link":"https:\/\/blog.polityka.pl\/adamczewski\/2013\/03\/15\/ciastka-drozdzowe\/","title":{"rendered":"Ciastka dro\u017cd\u017cowe"},"content":{"rendered":"<p><em>3 szklanki m\u0105ki, 1\/2 kostki mas\u0142a, 5 dag dro\u017cd\u017cy, 1\/2 szklanki mleka, 2 jaja, cukier waniliowy<br \/>\nJako dodatek: szklanka konfitur wi\u015bniowych, 2 \u0142y\u017cki bia\u0142ego sezamu<\/em><\/p>\n<p>1. W du\u017cej misce umie\u015bci\u0107 m\u0105k\u0119, doda\u0107 pokruszone dro\u017cd\u017ce, podgrzane mleko i po wymieszaniu odstawi\u0107  do wyro\u015bni\u0119cia.<br \/>\n2. Jajka utrze\u0107 z cukrem i cukrem waniliowym  na puszyst\u0105 mas\u0119 i doda\u0107 do rozczynu. Wyrabia\u0107 dodaj\u0105c rozpuszczone mas\u0142o. Odstawi\u0107 w ciep\u0142e miejsce.<br \/>\n3. Ciasto, kiedy podwoi sw\u0105 obj\u0119to\u015b\u0107 wyj\u0105\u0107 na stolnic\u0105 i jeszcze raz zagnie\u015b\u0107.  Stolnic\u0119 posypa\u0107 m\u0105k\u0105, rozwa\u0142kowa\u0107 ciasto  na grubo\u015b\u0107 oko\u0142o  centymetra.<br \/>\n4. Wyci\u0105\u0107 foremkami r\u00f3\u017cnych kszta\u0142t\u00f3w ciasteczka, w ka\u017cdym na \u015brodku u\u0142o\u017cy\u0107 konfitur\u0119 i u\u0142o\u017cone na blaszce wy\u0142o\u017conej papierem do wypiek\u00f3w odstawi\u0107 do wyro\u015bni\u0119cia.<br \/>\n5. Wyro\u015bni\u0119te ciasteczka posypa\u0107 sezamem i w nagrzanym do 180 st. C piec oko\u0142o 30 minut.<\/p>\n","protected":false},"excerpt":{"rendered":"<p>3 szklanki m\u0105ki, 1\/2 kostki mas\u0142a, 5 dag dro\u017cd\u017cy, 1\/2 szklanki mleka, 2 jaja, cukier waniliowy Jako dodatek: szklanka konfitur wi\u015bniowych, 2 \u0142y\u017cki bia\u0142ego sezamu 1. W du\u017cej misce umie\u015bci\u0107 m\u0105k\u0119, doda\u0107 pokruszone dro\u017cd\u017ce, podgrzane mleko i po wymieszaniu odstawi\u0107 do wyro\u015bni\u0119cia. 2. Jajka utrze\u0107 z cukrem i cukrem waniliowym na puszyst\u0105 mas\u0119 i doda\u0107 [&hellip;]<\/p>\n","protected":false},"author":2,"featured_media":0,"comment_status":"open","ping_status":"open","sticky":false,"template":"","format":"standard","meta":{"footnotes":""},"categories":[1],"tags":[],"_links":{"self":[{"href":"https:\/\/blog.polityka.pl\/adamczewski\/wp-json\/wp\/v2\/posts\/11312"}],"collection":[{"href":"https:\/\/blog.polityka.pl\/adamczewski\/wp-json\/wp\/v2\/posts"}],"about":[{"href":"https:\/\/blog.polityka.pl\/adamczewski\/wp-json\/wp\/v2\/types\/post"}],"author":[{"embeddable":true,"href":"https:\/\/blog.polityka.pl\/adamczewski\/wp-json\/wp\/v2\/users\/2"}],"replies":[{"embeddable":true,"href":"https:\/\/blog.polityka.pl\/adamczewski\/wp-json\/wp\/v2\/comments?post=11312"}],"version-history":[{"count":0,"href":"https:\/\/blog.polityka.pl\/adamczewski\/wp-json\/wp\/v2\/posts\/11312\/revisions"}],"wp:attachment":[{"href":"https:\/\/blog.polityka.pl\/adamczewski\/wp-json\/wp\/v2\/media?parent=11312"}],"wp:term":[{"taxonomy":"category","embeddable":true,"href":"https:\/\/blog.polityka.pl\/adamczewski\/wp-json\/wp\/v2\/categories?post=11312"},{"taxonomy":"post_tag","embeddable":true,"href":"https:\/\/blog.polityka.pl\/adamczewski\/wp-json\/wp\/v2\/tags?post=11312"}],"curies":[{"name":"wp","href":"https:\/\/api.w.org\/{rel}","templated":true}]}}