
{"id":11313,"date":"2013-03-22T06:57:02","date_gmt":"2013-03-22T05:57:02","guid":{"rendered":"http:\/\/adamczewscy.pl\/?p=4128"},"modified":"2013-03-22T06:57:02","modified_gmt":"2013-03-22T05:57:02","slug":"udziec-jagniecy-pieczony-z-koscia","status":"publish","type":"post","link":"https:\/\/blog.polityka.pl\/adamczewski\/2013\/03\/22\/udziec-jagniecy-pieczony-z-koscia\/","title":{"rendered":"Udziec jagni\u0119cy pieczony z ko\u015bci\u0105"},"content":{"rendered":"<p><a href=\"http:\/\/adamczewscy.pl\/wp-content\/uploads\/2013\/03\/Udziec-jagni?\u00d6cy-pieczony-P5230002.jpg\"><img loading=\"lazy\" decoding=\"async\" src=\"http:\/\/adamczewscy.pl\/wp-content\/uploads\/2013\/03\/Udziec-jagni?\u00d6cy-pieczony-P5230002.jpg\" alt=\"\" title=\"OLYMPUS DIGITAL CAMERA\" width=\"400\" height=\"300\" class=\"alignnone size-full wp-image-4129\" \/><\/a><\/p>\n<p><em>Udziec z jagni\u0119cia, g\u0142\u00f3wka czosnku, 2 \u0142y\u017cki oleju, s\u00f3l, pieprz, kawa\u0142ek folii aluminiowej do zawini\u0119cia mi\u0119sa. <\/em><\/p>\n<p>1. Ca\u0142y udziec oczy\u015bci\u0107 dok\u0142adnie z b\u0142on i t\u0142uszczu, pozostawi\u0107 jednak ko\u015bci.<br \/>\n2. Naszpikowa\u0107 mi\u0119so bardzo g\u0119sto czosnkiem, natrze\u0107 sol\u0105, posmarowa\u0107 olejem, lekko posypa\u0107 pieprzem, owin\u0105\u0107 w foli\u0119 i piec w piekarniku w brytfance, do kt\u00f3rej nala\u0107 troch\u0119 wody.<br \/>\n3. Je\u017celi nie chcemy, aby mi\u0119so by\u0142o w \u015brodku r\u00f3\u017cowe piecze\u0144 powinna si\u0119 piec ok.  godziny na ka\u017cde 1, 5 kg. Kilkana\u015bcie ostatnich minut pieczemy j\u0105 bez folii, aby si\u0119 lekko zrumieni\u0142a.<br \/>\n4. Kraje si\u0119 piecze\u0144 w plastry, skrawaj\u0105c mi\u0119so do ko\u015bci. Powinno by\u0107 lekko r\u00f3\u017cowe. Proponujemy pewn\u0105 modyfikacj\u0119 tego przepisu, a mianowicie polanie na zako\u0144czenie takiej pieczeni czerwonym wytrawnym winem wystarczy ok. 1\/2 szklanki. Mo\u017cna u\u017cy\u0107 domowego wina owocowego, kt\u00f3re nada pieczeni niepowtarzalny smak. <\/p>\n","protected":false},"excerpt":{"rendered":"<p>Udziec z jagni\u0119cia, g\u0142\u00f3wka czosnku, 2 \u0142y\u017cki oleju, s\u00f3l, pieprz, kawa\u0142ek folii aluminiowej do zawini\u0119cia mi\u0119sa. 1. Ca\u0142y udziec oczy\u015bci\u0107 dok\u0142adnie z b\u0142on i t\u0142uszczu, pozostawi\u0107 jednak ko\u015bci. 2. Naszpikowa\u0107 mi\u0119so bardzo g\u0119sto czosnkiem, natrze\u0107 sol\u0105, posmarowa\u0107 olejem, lekko posypa\u0107 pieprzem, owin\u0105\u0107 w foli\u0119 i piec w piekarniku w brytfance, do kt\u00f3rej nala\u0107 troch\u0119 wody. [&hellip;]<\/p>\n","protected":false},"author":2,"featured_media":0,"comment_status":"open","ping_status":"open","sticky":false,"template":"","format":"standard","meta":{"footnotes":""},"categories":[1],"tags":[],"_links":{"self":[{"href":"https:\/\/blog.polityka.pl\/adamczewski\/wp-json\/wp\/v2\/posts\/11313"}],"collection":[{"href":"https:\/\/blog.polityka.pl\/adamczewski\/wp-json\/wp\/v2\/posts"}],"about":[{"href":"https:\/\/blog.polityka.pl\/adamczewski\/wp-json\/wp\/v2\/types\/post"}],"author":[{"embeddable":true,"href":"https:\/\/blog.polityka.pl\/adamczewski\/wp-json\/wp\/v2\/users\/2"}],"replies":[{"embeddable":true,"href":"https:\/\/blog.polityka.pl\/adamczewski\/wp-json\/wp\/v2\/comments?post=11313"}],"version-history":[{"count":0,"href":"https:\/\/blog.polityka.pl\/adamczewski\/wp-json\/wp\/v2\/posts\/11313\/revisions"}],"wp:attachment":[{"href":"https:\/\/blog.polityka.pl\/adamczewski\/wp-json\/wp\/v2\/media?parent=11313"}],"wp:term":[{"taxonomy":"category","embeddable":true,"href":"https:\/\/blog.polityka.pl\/adamczewski\/wp-json\/wp\/v2\/categories?post=11313"},{"taxonomy":"post_tag","embeddable":true,"href":"https:\/\/blog.polityka.pl\/adamczewski\/wp-json\/wp\/v2\/tags?post=11313"}],"curies":[{"name":"wp","href":"https:\/\/api.w.org\/{rel}","templated":true}]}}