
{"id":11314,"date":"2013-03-22T06:57:59","date_gmt":"2013-03-22T05:57:59","guid":{"rendered":"http:\/\/adamczewscy.pl\/?p=4131"},"modified":"2013-03-22T06:57:59","modified_gmt":"2013-03-22T05:57:59","slug":"tort-owocowy-bez-pieczenia","status":"publish","type":"post","link":"https:\/\/blog.polityka.pl\/adamczewski\/2013\/03\/22\/tort-owocowy-bez-pieczenia\/","title":{"rendered":"Tort owocowy bez pieczenia"},"content":{"rendered":"<p><em>25 dag biszkopt\u00f3w, 25 dag mas\u0142a, 3 jajka,  szklanka cukru, truskawki lub maliny,  szklanka wody, sok z 1 cytryny, 2 \u0142y\u017ceczki cukru. <\/em><\/p>\n<p>1. Ubi\u0107 na parze 2 jajka ze szklank\u0105 cukru, po ostudzeniu po\u0142\u0105czy\u0107 z mas\u0142em i utrze\u0107 na g\u0142adk\u0105 mas\u0119. Doda\u0107 rozgniecione i os\u0105czone z soku owoce (troch\u0119 owoc\u00f3w pozostawi\u0107 w ca\u0142o\u015bci do dekoracji).<br \/>\n2. Przygotowa\u0107 szklank\u0119 przegotowanej wody zmieszanej z sokiem cytrynowym i 2 \u0142y\u017ceczkami cukru.<br \/>\n3. Na dno tortownicy po\u0142o\u017cy\u0107 1\/3 masy, nast\u0119pnie ciasno uk\u0142ada\u0107 moczone przez moment w wodzie z sokiem biszkopty i troch\u0119 ca\u0142ych owoc\u00f3w.<br \/>\n4. Czynno\u015b\u0107 t\u0119 powt\u00f3rzy\u0107 dwukrotnie i na wierzchu udekorowa\u0107 ca\u0142ymi owocami.<br \/>\n5. Tortownic\u0119 wstawi\u0107 do lod\u00f3wki, tort podawa\u0107 zimny. <\/p>\n","protected":false},"excerpt":{"rendered":"<p>25 dag biszkopt\u00f3w, 25 dag mas\u0142a, 3 jajka, szklanka cukru, truskawki lub maliny, szklanka wody, sok z 1 cytryny, 2 \u0142y\u017ceczki cukru. 1. Ubi\u0107 na parze 2 jajka ze szklank\u0105 cukru, po ostudzeniu po\u0142\u0105czy\u0107 z mas\u0142em i utrze\u0107 na g\u0142adk\u0105 mas\u0119. Doda\u0107 rozgniecione i os\u0105czone z soku owoce (troch\u0119 owoc\u00f3w pozostawi\u0107 w ca\u0142o\u015bci do dekoracji). [&hellip;]<\/p>\n","protected":false},"author":2,"featured_media":0,"comment_status":"open","ping_status":"open","sticky":false,"template":"","format":"standard","meta":{"footnotes":""},"categories":[1],"tags":[],"_links":{"self":[{"href":"https:\/\/blog.polityka.pl\/adamczewski\/wp-json\/wp\/v2\/posts\/11314"}],"collection":[{"href":"https:\/\/blog.polityka.pl\/adamczewski\/wp-json\/wp\/v2\/posts"}],"about":[{"href":"https:\/\/blog.polityka.pl\/adamczewski\/wp-json\/wp\/v2\/types\/post"}],"author":[{"embeddable":true,"href":"https:\/\/blog.polityka.pl\/adamczewski\/wp-json\/wp\/v2\/users\/2"}],"replies":[{"embeddable":true,"href":"https:\/\/blog.polityka.pl\/adamczewski\/wp-json\/wp\/v2\/comments?post=11314"}],"version-history":[{"count":0,"href":"https:\/\/blog.polityka.pl\/adamczewski\/wp-json\/wp\/v2\/posts\/11314\/revisions"}],"wp:attachment":[{"href":"https:\/\/blog.polityka.pl\/adamczewski\/wp-json\/wp\/v2\/media?parent=11314"}],"wp:term":[{"taxonomy":"category","embeddable":true,"href":"https:\/\/blog.polityka.pl\/adamczewski\/wp-json\/wp\/v2\/categories?post=11314"},{"taxonomy":"post_tag","embeddable":true,"href":"https:\/\/blog.polityka.pl\/adamczewski\/wp-json\/wp\/v2\/tags?post=11314"}],"curies":[{"name":"wp","href":"https:\/\/api.w.org\/{rel}","templated":true}]}}