
{"id":11315,"date":"2013-03-22T06:58:45","date_gmt":"2013-03-22T05:58:45","guid":{"rendered":"http:\/\/adamczewscy.pl\/?p=4133"},"modified":"2013-03-22T06:58:45","modified_gmt":"2013-03-22T05:58:45","slug":"tort-smietankowy","status":"publish","type":"post","link":"https:\/\/blog.polityka.pl\/adamczewski\/2013\/03\/22\/tort-smietankowy\/","title":{"rendered":"Tort \u015bmietankowy"},"content":{"rendered":"<p><em>5 \u017c\u00f3\u0142tek, 2 \u0142y\u017cki budyniu \u015bmietankowego lub waniliowego w proszku,  szklanka mleka,  kostka mas\u0142a, 2 torebki galaretki, 1\/4 kg biszkopt\u00f3w, , ca\u0142a, lub dla amator\u00f3w mniej s\u0142odkich deser\u00f3w, 1\/2 szklanki cukru. <\/em><\/p>\n<p>1. \u017b\u00f3\u0142tka z cukrem utrze\u0107 do bia\u0142o\u015bci, doda\u0107 proszek budyniowy, wymiesza\u0107.<br \/>\n2. Zagotowa\u0107 mleko i do wrz\u0105cego wlewa\u0107 powoli utarte \u017c\u00f3\u0142tka ci\u0105gle mieszaj\u0105c. Zagotowa\u0107. Wystudzi\u0107.<br \/>\n3. Rozetrze\u0107 mas\u0142o i mieszaj\u0105c dodawa\u0107 powoli ostudzony budy\u0144.<br \/>\n4. Przygotowa\u0107 wed\u0142ug przepisu na opakowaniu jedn\u0105 galaretk\u0119. Ostudzi\u0107. Macza\u0107 w niej biszkopty i uk\u0142ada\u0107 warstw\u0105 w tortownicy o \u015brednicy ok. 25 cm. Na biszkoptach u\u0142o\u017cy\u0107 warstw\u0119 budyniowego kremu, potem zn\u00f3w biszkopty itd. a\u017c do wyczerpania sk\u0142adnik\u00f3w. Wierzch stanowi\u0107 powinien krem.<br \/>\n5. Rozpu\u015bci\u0107 drug\u0105 galaretk\u0119, ostudzi\u0107. Zala\u0107 ni\u0105 wierzch tortu.<br \/>\n6. Wstawi\u0107 do lod\u00f3wki. Jest to doskona\u0142y tort, lekko orze\u017awiaj\u0105cy, dzi\u0119ki kwaskowatym galaretkom. Na wierzchu mo\u017cna w galaretce zatopi\u0107 jeszcze kilka mi\u0119kkich owoc\u00f3w. <\/p>\n","protected":false},"excerpt":{"rendered":"<p>5 \u017c\u00f3\u0142tek, 2 \u0142y\u017cki budyniu \u015bmietankowego lub waniliowego w proszku, szklanka mleka, kostka mas\u0142a, 2 torebki galaretki, 1\/4 kg biszkopt\u00f3w, , ca\u0142a, lub dla amator\u00f3w mniej s\u0142odkich deser\u00f3w, 1\/2 szklanki cukru. 1. \u017b\u00f3\u0142tka z cukrem utrze\u0107 do bia\u0142o\u015bci, doda\u0107 proszek budyniowy, wymiesza\u0107. 2. Zagotowa\u0107 mleko i do wrz\u0105cego wlewa\u0107 powoli utarte \u017c\u00f3\u0142tka ci\u0105gle mieszaj\u0105c. Zagotowa\u0107. [&hellip;]<\/p>\n","protected":false},"author":2,"featured_media":0,"comment_status":"open","ping_status":"open","sticky":false,"template":"","format":"standard","meta":{"footnotes":""},"categories":[1],"tags":[],"_links":{"self":[{"href":"https:\/\/blog.polityka.pl\/adamczewski\/wp-json\/wp\/v2\/posts\/11315"}],"collection":[{"href":"https:\/\/blog.polityka.pl\/adamczewski\/wp-json\/wp\/v2\/posts"}],"about":[{"href":"https:\/\/blog.polityka.pl\/adamczewski\/wp-json\/wp\/v2\/types\/post"}],"author":[{"embeddable":true,"href":"https:\/\/blog.polityka.pl\/adamczewski\/wp-json\/wp\/v2\/users\/2"}],"replies":[{"embeddable":true,"href":"https:\/\/blog.polityka.pl\/adamczewski\/wp-json\/wp\/v2\/comments?post=11315"}],"version-history":[{"count":0,"href":"https:\/\/blog.polityka.pl\/adamczewski\/wp-json\/wp\/v2\/posts\/11315\/revisions"}],"wp:attachment":[{"href":"https:\/\/blog.polityka.pl\/adamczewski\/wp-json\/wp\/v2\/media?parent=11315"}],"wp:term":[{"taxonomy":"category","embeddable":true,"href":"https:\/\/blog.polityka.pl\/adamczewski\/wp-json\/wp\/v2\/categories?post=11315"},{"taxonomy":"post_tag","embeddable":true,"href":"https:\/\/blog.polityka.pl\/adamczewski\/wp-json\/wp\/v2\/tags?post=11315"}],"curies":[{"name":"wp","href":"https:\/\/api.w.org\/{rel}","templated":true}]}}