
{"id":11316,"date":"2013-03-22T06:59:32","date_gmt":"2013-03-22T05:59:32","guid":{"rendered":"http:\/\/adamczewscy.pl\/?p=4135"},"modified":"2013-03-22T06:59:32","modified_gmt":"2013-03-22T05:59:32","slug":"sos-cumberland","status":"publish","type":"post","link":"https:\/\/blog.polityka.pl\/adamczewski\/2013\/03\/22\/sos-cumberland\/","title":{"rendered":"Sos cumberland"},"content":{"rendered":"<p><em>S\u0142oik galaretki z czerwonej porzeczki, kilka kropel soku pomara\u0144czowego, 1\/2  szklanki \u015bwie\u017co startego chrzanu<\/em><\/p>\n<p>1.Wymiesza\u0107 wszystkie sk\u0142adniki.<br \/>\nPodawa\u0107 do zimnych ciemnych mi\u0119s i pasztet\u00f3w<\/p>\n","protected":false},"excerpt":{"rendered":"<p>S\u0142oik galaretki z czerwonej porzeczki, kilka kropel soku pomara\u0144czowego, 1\/2 szklanki \u015bwie\u017co startego chrzanu 1.Wymiesza\u0107 wszystkie sk\u0142adniki. Podawa\u0107 do zimnych ciemnych mi\u0119s i pasztet\u00f3w<\/p>\n","protected":false},"author":2,"featured_media":0,"comment_status":"open","ping_status":"open","sticky":false,"template":"","format":"standard","meta":{"footnotes":""},"categories":[1],"tags":[],"_links":{"self":[{"href":"https:\/\/blog.polityka.pl\/adamczewski\/wp-json\/wp\/v2\/posts\/11316"}],"collection":[{"href":"https:\/\/blog.polityka.pl\/adamczewski\/wp-json\/wp\/v2\/posts"}],"about":[{"href":"https:\/\/blog.polityka.pl\/adamczewski\/wp-json\/wp\/v2\/types\/post"}],"author":[{"embeddable":true,"href":"https:\/\/blog.polityka.pl\/adamczewski\/wp-json\/wp\/v2\/users\/2"}],"replies":[{"embeddable":true,"href":"https:\/\/blog.polityka.pl\/adamczewski\/wp-json\/wp\/v2\/comments?post=11316"}],"version-history":[{"count":0,"href":"https:\/\/blog.polityka.pl\/adamczewski\/wp-json\/wp\/v2\/posts\/11316\/revisions"}],"wp:attachment":[{"href":"https:\/\/blog.polityka.pl\/adamczewski\/wp-json\/wp\/v2\/media?parent=11316"}],"wp:term":[{"taxonomy":"category","embeddable":true,"href":"https:\/\/blog.polityka.pl\/adamczewski\/wp-json\/wp\/v2\/categories?post=11316"},{"taxonomy":"post_tag","embeddable":true,"href":"https:\/\/blog.polityka.pl\/adamczewski\/wp-json\/wp\/v2\/tags?post=11316"}],"curies":[{"name":"wp","href":"https:\/\/api.w.org\/{rel}","templated":true}]}}