
{"id":11317,"date":"2013-03-22T07:00:15","date_gmt":"2013-03-22T06:00:15","guid":{"rendered":"http:\/\/adamczewscy.pl\/?p=4137"},"modified":"2013-03-22T07:00:15","modified_gmt":"2013-03-22T06:00:15","slug":"sernik-domek","status":"publish","type":"post","link":"https:\/\/blog.polityka.pl\/adamczewski\/2013\/03\/22\/sernik-domek\/","title":{"rendered":"Sernik  domek"},"content":{"rendered":"<p><em>50 dag sera,  kostka mas\u0142a, 2 \u017c\u00f3\u0142tka,  szklanka cukru pudru, cukier waniliowy, 2 \u0142y\u017cki kakao, 28 prostok\u0105tnych herbatnik\u00f3w (3 paczki), orzechy, rodzynki.<\/em><\/p>\n<p>1. Ser zemle\u0107 lub przecisn\u0105\u0107 przez prask\u0119 do pur\u00e9e albo rozdrobni\u0107 w malakserze.<br \/>\n2. Utrze\u0107 \u017c\u00f3\u0142tka z cukrem, doda\u0107 mas\u0142o i dalej uciera\u0107 (np. mikserem), gdy utworzy si\u0119 puszysta masa, po\u0142\u0105czy\u0107 z serem.<br \/>\n3. Mas\u0119 podzieli\u0107 na 2 cz\u0119\u015bci, do jednej doda\u0107 kakao i wymiesza\u0107. Mo\u017cna doda\u0107 rodzynki i drobno posiekane orzechy.<br \/>\n4. Bia\u0142\u0105 mas\u0119 r\u00f3wno rozsmarowa\u0107 na 21 herbatnikach u\u0142o\u017conych w 3 rz\u0119dach po 7 herbatnik\u00f3w. Na \u015brodkowym rz\u0119dzie po\u0142o\u017cy\u0107 7 herbatnik\u00f3w, a na nie ciemn\u0105 mas\u0119 z kakao. Rz\u0119dy zewn\u0119trzne unie\u015b\u0107 zlepiaj\u0105c w tr\u00f3jk\u0105t. Sernik w kszta\u0142cie domku, zawini\u0119ty w papier pergaminowy (\u015bniadaniowy), wstawi\u0107 szybko do lod\u00f3wki na co najmniej 2 godz., aby herbatniki zmi\u0119k\u0142y.<br \/>\n5. Po wyj\u0119ciu z lod\u00f3wki sernik pola\u0107 rozpuszczon\u0105 czekolad\u0105 . Jeszcze raz wstawi\u0107 do lod\u00f3wki. Przed podaniem pokroi\u0107 w cienkie plasterki. <\/p>\n","protected":false},"excerpt":{"rendered":"<p>50 dag sera, kostka mas\u0142a, 2 \u017c\u00f3\u0142tka, szklanka cukru pudru, cukier waniliowy, 2 \u0142y\u017cki kakao, 28 prostok\u0105tnych herbatnik\u00f3w (3 paczki), orzechy, rodzynki. 1. Ser zemle\u0107 lub przecisn\u0105\u0107 przez prask\u0119 do pur\u00e9e albo rozdrobni\u0107 w malakserze. 2. Utrze\u0107 \u017c\u00f3\u0142tka z cukrem, doda\u0107 mas\u0142o i dalej uciera\u0107 (np. mikserem), gdy utworzy si\u0119 puszysta masa, po\u0142\u0105czy\u0107 z serem. [&hellip;]<\/p>\n","protected":false},"author":2,"featured_media":0,"comment_status":"open","ping_status":"open","sticky":false,"template":"","format":"standard","meta":{"footnotes":""},"categories":[1],"tags":[],"_links":{"self":[{"href":"https:\/\/blog.polityka.pl\/adamczewski\/wp-json\/wp\/v2\/posts\/11317"}],"collection":[{"href":"https:\/\/blog.polityka.pl\/adamczewski\/wp-json\/wp\/v2\/posts"}],"about":[{"href":"https:\/\/blog.polityka.pl\/adamczewski\/wp-json\/wp\/v2\/types\/post"}],"author":[{"embeddable":true,"href":"https:\/\/blog.polityka.pl\/adamczewski\/wp-json\/wp\/v2\/users\/2"}],"replies":[{"embeddable":true,"href":"https:\/\/blog.polityka.pl\/adamczewski\/wp-json\/wp\/v2\/comments?post=11317"}],"version-history":[{"count":0,"href":"https:\/\/blog.polityka.pl\/adamczewski\/wp-json\/wp\/v2\/posts\/11317\/revisions"}],"wp:attachment":[{"href":"https:\/\/blog.polityka.pl\/adamczewski\/wp-json\/wp\/v2\/media?parent=11317"}],"wp:term":[{"taxonomy":"category","embeddable":true,"href":"https:\/\/blog.polityka.pl\/adamczewski\/wp-json\/wp\/v2\/categories?post=11317"},{"taxonomy":"post_tag","embeddable":true,"href":"https:\/\/blog.polityka.pl\/adamczewski\/wp-json\/wp\/v2\/tags?post=11317"}],"curies":[{"name":"wp","href":"https:\/\/api.w.org\/{rel}","templated":true}]}}