
{"id":11319,"date":"2013-03-22T07:02:30","date_gmt":"2013-03-22T06:02:30","guid":{"rendered":"http:\/\/adamczewscy.pl\/?p=4142"},"modified":"2013-03-22T07:02:30","modified_gmt":"2013-03-22T06:02:30","slug":"polski-sos-chrzanowy","status":"publish","type":"post","link":"https:\/\/blog.polityka.pl\/adamczewski\/2013\/03\/22\/polski-sos-chrzanowy\/","title":{"rendered":"Polski sos chrzanowy"},"content":{"rendered":"<p><em>Szklanka g\u0119stej \u015bmietany, 3 jajka na twardo, 3 kopiaste \u0142y\u017cki dobrego, mocnego chrzanu (mo\u017ce by\u0107 ze s\u0142oika) <\/em><\/p>\n<p>1. Oddzieli\u0107 \u017c\u00f3\u0142tka od bia\u0142ek, bia\u0142ka drobno posieka\u0107.<br \/>\n2. Wymiesza\u0107 \u015bmietan\u0119 chrzanem i \u017c\u00f3\u0142tkami, doda\u0107 rozdrobnione bia\u0142ka, wymiesza\u0107.<br \/>\n3. Podawa\u0107 do zimnych mi\u0119s. <\/p>\n","protected":false},"excerpt":{"rendered":"<p>Szklanka g\u0119stej \u015bmietany, 3 jajka na twardo, 3 kopiaste \u0142y\u017cki dobrego, mocnego chrzanu (mo\u017ce by\u0107 ze s\u0142oika) 1. Oddzieli\u0107 \u017c\u00f3\u0142tka od bia\u0142ek, bia\u0142ka drobno posieka\u0107. 2. Wymiesza\u0107 \u015bmietan\u0119 chrzanem i \u017c\u00f3\u0142tkami, doda\u0107 rozdrobnione bia\u0142ka, wymiesza\u0107. 3. Podawa\u0107 do zimnych mi\u0119s.<\/p>\n","protected":false},"author":2,"featured_media":0,"comment_status":"open","ping_status":"open","sticky":false,"template":"","format":"standard","meta":{"footnotes":""},"categories":[1],"tags":[],"_links":{"self":[{"href":"https:\/\/blog.polityka.pl\/adamczewski\/wp-json\/wp\/v2\/posts\/11319"}],"collection":[{"href":"https:\/\/blog.polityka.pl\/adamczewski\/wp-json\/wp\/v2\/posts"}],"about":[{"href":"https:\/\/blog.polityka.pl\/adamczewski\/wp-json\/wp\/v2\/types\/post"}],"author":[{"embeddable":true,"href":"https:\/\/blog.polityka.pl\/adamczewski\/wp-json\/wp\/v2\/users\/2"}],"replies":[{"embeddable":true,"href":"https:\/\/blog.polityka.pl\/adamczewski\/wp-json\/wp\/v2\/comments?post=11319"}],"version-history":[{"count":0,"href":"https:\/\/blog.polityka.pl\/adamczewski\/wp-json\/wp\/v2\/posts\/11319\/revisions"}],"wp:attachment":[{"href":"https:\/\/blog.polityka.pl\/adamczewski\/wp-json\/wp\/v2\/media?parent=11319"}],"wp:term":[{"taxonomy":"category","embeddable":true,"href":"https:\/\/blog.polityka.pl\/adamczewski\/wp-json\/wp\/v2\/categories?post=11319"},{"taxonomy":"post_tag","embeddable":true,"href":"https:\/\/blog.polityka.pl\/adamczewski\/wp-json\/wp\/v2\/tags?post=11319"}],"curies":[{"name":"wp","href":"https:\/\/api.w.org\/{rel}","templated":true}]}}