
{"id":11321,"date":"2013-03-22T07:04:03","date_gmt":"2013-03-22T06:04:03","guid":{"rendered":"http:\/\/adamczewscy.pl\/?p=4146"},"modified":"2013-03-22T07:04:03","modified_gmt":"2013-03-22T06:04:03","slug":"majonez-w-malakserze","status":"publish","type":"post","link":"https:\/\/blog.polityka.pl\/adamczewski\/2013\/03\/22\/majonez-w-malakserze\/","title":{"rendered":"Majonez w malakserze"},"content":{"rendered":"<p><em>Szklanka oleju, jajko, \u0142y\u017ceczka musztardy, do smaku kilka kropel soku cytrynowego i odrobina cukru pudru i soli<\/em><\/p>\n<p>1. W kielichu malaksera (z no\u017cykiem do ucierania) umie\u015bci\u0107 ca\u0142e jajko i musztard\u0119, powoli wlewa\u0107 olej a\u017c zu\u017cyta zostanie ca\u0142y.<br \/>\n2. Doprawia\u0107 dodaj\u0105c naprawd\u0119 po odrobinie przypraw. Prze\u0142o\u017cy\u0107 do sosjerki. <\/p>\n","protected":false},"excerpt":{"rendered":"<p>Szklanka oleju, jajko, \u0142y\u017ceczka musztardy, do smaku kilka kropel soku cytrynowego i odrobina cukru pudru i soli 1. W kielichu malaksera (z no\u017cykiem do ucierania) umie\u015bci\u0107 ca\u0142e jajko i musztard\u0119, powoli wlewa\u0107 olej a\u017c zu\u017cyta zostanie ca\u0142y. 2. Doprawia\u0107 dodaj\u0105c naprawd\u0119 po odrobinie przypraw. Prze\u0142o\u017cy\u0107 do sosjerki.<\/p>\n","protected":false},"author":2,"featured_media":0,"comment_status":"open","ping_status":"open","sticky":false,"template":"","format":"standard","meta":{"footnotes":""},"categories":[1],"tags":[],"_links":{"self":[{"href":"https:\/\/blog.polityka.pl\/adamczewski\/wp-json\/wp\/v2\/posts\/11321"}],"collection":[{"href":"https:\/\/blog.polityka.pl\/adamczewski\/wp-json\/wp\/v2\/posts"}],"about":[{"href":"https:\/\/blog.polityka.pl\/adamczewski\/wp-json\/wp\/v2\/types\/post"}],"author":[{"embeddable":true,"href":"https:\/\/blog.polityka.pl\/adamczewski\/wp-json\/wp\/v2\/users\/2"}],"replies":[{"embeddable":true,"href":"https:\/\/blog.polityka.pl\/adamczewski\/wp-json\/wp\/v2\/comments?post=11321"}],"version-history":[{"count":0,"href":"https:\/\/blog.polityka.pl\/adamczewski\/wp-json\/wp\/v2\/posts\/11321\/revisions"}],"wp:attachment":[{"href":"https:\/\/blog.polityka.pl\/adamczewski\/wp-json\/wp\/v2\/media?parent=11321"}],"wp:term":[{"taxonomy":"category","embeddable":true,"href":"https:\/\/blog.polityka.pl\/adamczewski\/wp-json\/wp\/v2\/categories?post=11321"},{"taxonomy":"post_tag","embeddable":true,"href":"https:\/\/blog.polityka.pl\/adamczewski\/wp-json\/wp\/v2\/tags?post=11321"}],"curies":[{"name":"wp","href":"https:\/\/api.w.org\/{rel}","templated":true}]}}