
{"id":11331,"date":"2013-04-12T08:47:54","date_gmt":"2013-04-12T07:47:54","guid":{"rendered":"http:\/\/adamczewscy.pl\/?p=4672"},"modified":"2013-04-12T08:47:54","modified_gmt":"2013-04-12T07:47:54","slug":"ciasto-z-razowca","status":"publish","type":"post","link":"https:\/\/blog.polityka.pl\/adamczewski\/2013\/04\/12\/ciasto-z-razowca\/","title":{"rendered":"Ciasto z razowca"},"content":{"rendered":"<p><em>Czubata szklanka startego lub zmielonego i przesianego razowca, 1\/3 szklanki bu\u0142ki tartej, 7 jajek, 4 \u0142y\u017cki mas\u0142a, szklanka cukru, 15 dag rodzynek, 5 \u0142y\u017cek posiekanych lekko orzech\u00f3w w\u0142oskich lub laskowych, \u0142y\u017cka m\u0105ki pszennej, szczypta cyn amonu, szczypta t\u0142uczonych go\u017adzik\u00f3w, niewielka szczypta soli,3 \u0142y\u017cki cukru pudru do posypania, \u0142y\u017cka mas\u0142a i 2 \u0142y\u017cki tartej bu\u0142ki do wysypania formy<\/em><\/p>\n<p>1. Rodzynki umy\u0107, osuszy\u0107 i obsypa\u0107 m\u0105k\u0105.<br \/>\n2. Zmiksowa\u0107 \u017c\u00f3\u0142tka z cukrem i mas\u0142em, doda\u0107 razowiec i tart\u0105 bu\u0142k\u0119, doda\u0107 rodzynki i orzechy, wymiesza\u0107.<br \/>\n3. Ubi\u0107 sztywn\u0105 pian\u0119 z bia\u0142ek, doda\u0107 ostro\u017cnie do ciasta.<br \/>\n4. Form\u0119 do pieczenia posmarowa\u0107 mas\u0142em, wysypa\u0107 tart\u0105 bu\u0142k\u0105 i prze\u0142o\u017cy\u0107 do niej ciasto.<br \/>\n5. W piekarniku nagrzanym do 180 st. C piec ciasto godzin\u0119.<br \/>\nPo ostudzeniu posypa\u0107  cukrem pudrem.<\/p>\n","protected":false},"excerpt":{"rendered":"<p>Czubata szklanka startego lub zmielonego i przesianego razowca, 1\/3 szklanki bu\u0142ki tartej, 7 jajek, 4 \u0142y\u017cki mas\u0142a, szklanka cukru, 15 dag rodzynek, 5 \u0142y\u017cek posiekanych lekko orzech\u00f3w w\u0142oskich lub laskowych, \u0142y\u017cka m\u0105ki pszennej, szczypta cyn amonu, szczypta t\u0142uczonych go\u017adzik\u00f3w, niewielka szczypta soli,3 \u0142y\u017cki cukru pudru do posypania, \u0142y\u017cka mas\u0142a i 2 \u0142y\u017cki tartej bu\u0142ki do [&hellip;]<\/p>\n","protected":false},"author":2,"featured_media":0,"comment_status":"open","ping_status":"open","sticky":false,"template":"","format":"standard","meta":{"footnotes":""},"categories":[1],"tags":[],"_links":{"self":[{"href":"https:\/\/blog.polityka.pl\/adamczewski\/wp-json\/wp\/v2\/posts\/11331"}],"collection":[{"href":"https:\/\/blog.polityka.pl\/adamczewski\/wp-json\/wp\/v2\/posts"}],"about":[{"href":"https:\/\/blog.polityka.pl\/adamczewski\/wp-json\/wp\/v2\/types\/post"}],"author":[{"embeddable":true,"href":"https:\/\/blog.polityka.pl\/adamczewski\/wp-json\/wp\/v2\/users\/2"}],"replies":[{"embeddable":true,"href":"https:\/\/blog.polityka.pl\/adamczewski\/wp-json\/wp\/v2\/comments?post=11331"}],"version-history":[{"count":0,"href":"https:\/\/blog.polityka.pl\/adamczewski\/wp-json\/wp\/v2\/posts\/11331\/revisions"}],"wp:attachment":[{"href":"https:\/\/blog.polityka.pl\/adamczewski\/wp-json\/wp\/v2\/media?parent=11331"}],"wp:term":[{"taxonomy":"category","embeddable":true,"href":"https:\/\/blog.polityka.pl\/adamczewski\/wp-json\/wp\/v2\/categories?post=11331"},{"taxonomy":"post_tag","embeddable":true,"href":"https:\/\/blog.polityka.pl\/adamczewski\/wp-json\/wp\/v2\/tags?post=11331"}],"curies":[{"name":"wp","href":"https:\/\/api.w.org\/{rel}","templated":true}]}}