
{"id":11332,"date":"2013-04-12T08:50:18","date_gmt":"2013-04-12T07:50:18","guid":{"rendered":"http:\/\/adamczewscy.pl\/?p=4674"},"modified":"2013-04-12T08:50:18","modified_gmt":"2013-04-12T07:50:18","slug":"zupa-cebulowa-inaczej","status":"publish","type":"post","link":"https:\/\/blog.polityka.pl\/adamczewski\/2013\/04\/12\/zupa-cebulowa-inaczej\/","title":{"rendered":"Zupa cebulowa inaczej"},"content":{"rendered":"<p><em>2 kurcz\u0119ce udka,2 szklanki mleka,2 \u017c\u00f3\u0142tka, \u0142y\u017cka mas\u0142a,2 marchewki,2 pietruszki,1\/2 selera,2 du\u017ce cebule,4 \u0142y\u017cki ry\u017cu,4 \u0142y\u017cki posiekanej zielonej pietruszki, s\u00f3l, pieprz<\/em><\/p>\n<p>1. Ugotowa\u0107 wywar z kurcz\u0119cych udek, marchewek, pietruszek, selera i jednej cebuli z sol\u0105.<br \/>\n2. Drug\u0105 cebule posieka\u0107, podsma\u017cy\u0107 na ma\u015ble, po czym zala\u0107 mlekiem i gotowa\u0107 na wolnym ogniu do zupe\u0142nej mi\u0119kko\u015bci. Zmiksowa\u0107.<br \/>\n3. Ry\u017c zala\u0107 wywarem, ugotowa\u0107 i po\u0142\u0105czy\u0107 z cebul\u0105 ugotowan\u0105 z mlekiem, zagotowa\u0107 i chwil\u0119 gotowa\u0107  razem.<br \/>\n4. \u017b\u00f3\u0142tka rozmiesza\u0107 z kilkoma \u0142y\u017ckami och\u0142odzonej zupy, po czym po\u0142\u0105czy\u0107 z pozosta\u0142\u0105 zup\u0105,  zagrza\u0107, doprawi\u0107 w miar\u0119 potrzeby sol\u0105 i pieprzem, posypa\u0107 posiekan\u0105 zielon\u0105 pietruszk\u0105.<\/p>\n","protected":false},"excerpt":{"rendered":"<p>2 kurcz\u0119ce udka,2 szklanki mleka,2 \u017c\u00f3\u0142tka, \u0142y\u017cka mas\u0142a,2 marchewki,2 pietruszki,1\/2 selera,2 du\u017ce cebule,4 \u0142y\u017cki ry\u017cu,4 \u0142y\u017cki posiekanej zielonej pietruszki, s\u00f3l, pieprz 1. Ugotowa\u0107 wywar z kurcz\u0119cych udek, marchewek, pietruszek, selera i jednej cebuli z sol\u0105. 2. Drug\u0105 cebule posieka\u0107, podsma\u017cy\u0107 na ma\u015ble, po czym zala\u0107 mlekiem i gotowa\u0107 na wolnym ogniu do zupe\u0142nej mi\u0119kko\u015bci. Zmiksowa\u0107. [&hellip;]<\/p>\n","protected":false},"author":2,"featured_media":0,"comment_status":"open","ping_status":"open","sticky":false,"template":"","format":"standard","meta":{"footnotes":""},"categories":[1],"tags":[],"_links":{"self":[{"href":"https:\/\/blog.polityka.pl\/adamczewski\/wp-json\/wp\/v2\/posts\/11332"}],"collection":[{"href":"https:\/\/blog.polityka.pl\/adamczewski\/wp-json\/wp\/v2\/posts"}],"about":[{"href":"https:\/\/blog.polityka.pl\/adamczewski\/wp-json\/wp\/v2\/types\/post"}],"author":[{"embeddable":true,"href":"https:\/\/blog.polityka.pl\/adamczewski\/wp-json\/wp\/v2\/users\/2"}],"replies":[{"embeddable":true,"href":"https:\/\/blog.polityka.pl\/adamczewski\/wp-json\/wp\/v2\/comments?post=11332"}],"version-history":[{"count":0,"href":"https:\/\/blog.polityka.pl\/adamczewski\/wp-json\/wp\/v2\/posts\/11332\/revisions"}],"wp:attachment":[{"href":"https:\/\/blog.polityka.pl\/adamczewski\/wp-json\/wp\/v2\/media?parent=11332"}],"wp:term":[{"taxonomy":"category","embeddable":true,"href":"https:\/\/blog.polityka.pl\/adamczewski\/wp-json\/wp\/v2\/categories?post=11332"},{"taxonomy":"post_tag","embeddable":true,"href":"https:\/\/blog.polityka.pl\/adamczewski\/wp-json\/wp\/v2\/tags?post=11332"}],"curies":[{"name":"wp","href":"https:\/\/api.w.org\/{rel}","templated":true}]}}