
{"id":11335,"date":"2013-04-19T09:50:51","date_gmt":"2013-04-19T08:50:51","guid":{"rendered":"http:\/\/adamczewscy.pl\/?p=4691"},"modified":"2013-04-19T09:50:51","modified_gmt":"2013-04-19T08:50:51","slug":"sandacz-duszony","status":"publish","type":"post","link":"https:\/\/blog.polityka.pl\/adamczewski\/2013\/04\/19\/sandacz-duszony\/","title":{"rendered":"Sandacz duszony"},"content":{"rendered":"<p><em>1 kg  filet\u00f3w z sandacza, szklanka bia\u0142ego wytrawnego wina,3 \u0142y\u017cki mas\u0142a,1\/2 szklanki \u015bmietany, \u0142y\u017cka soku z cytryny, 3 jajka na twardo, szklanka startego chrzanu, s\u00f3l<\/em><\/p>\n<p>1. Filety umyte i osuszone skropi\u0107 sokiem cytrynowym, natrze\u0107 sol\u0105 i pieprzem, pokroi\u0107 na porcje, odstawi\u0107.<br \/>\n2. Wysmarowa\u0107 mas\u0142em \u017caroodporny p\u00f3\u0142misek. U\u0142o\u017cy\u0107  kawa\u0142ki ryby, pola\u0107 stopionym mas\u0142em, zapieka\u0107 15 minut  w piekarniku w temperaturze 180 st. C.<br \/>\n3. Podpieczon\u0105 ryb\u0119 zala\u0107  winem i piec zn\u00f3w 15 minut. Na koniec doda\u0107 \u015bmietan\u0119 i piec kolejne 5 minut.<br \/>\n4. Sos spod ryby zmiksowa\u0107 lub przetrze\u0107 przez sito.  Pola\u0107 ryb\u0119.<br \/>\n5. Jajka drobno posieka\u0107. Posypa\u0107 nimi upieczon\u0105 ryb\u0119, ob\u0142o\u017cy\u0107 tartym chrzanem.<\/p>\n","protected":false},"excerpt":{"rendered":"<p>1 kg filet\u00f3w z sandacza, szklanka bia\u0142ego wytrawnego wina,3 \u0142y\u017cki mas\u0142a,1\/2 szklanki \u015bmietany, \u0142y\u017cka soku z cytryny, 3 jajka na twardo, szklanka startego chrzanu, s\u00f3l 1. Filety umyte i osuszone skropi\u0107 sokiem cytrynowym, natrze\u0107 sol\u0105 i pieprzem, pokroi\u0107 na porcje, odstawi\u0107. 2. Wysmarowa\u0107 mas\u0142em \u017caroodporny p\u00f3\u0142misek. U\u0142o\u017cy\u0107 kawa\u0142ki ryby, pola\u0107 stopionym mas\u0142em, zapieka\u0107 15 minut [&hellip;]<\/p>\n","protected":false},"author":2,"featured_media":0,"comment_status":"open","ping_status":"open","sticky":false,"template":"","format":"standard","meta":{"footnotes":""},"categories":[1],"tags":[],"_links":{"self":[{"href":"https:\/\/blog.polityka.pl\/adamczewski\/wp-json\/wp\/v2\/posts\/11335"}],"collection":[{"href":"https:\/\/blog.polityka.pl\/adamczewski\/wp-json\/wp\/v2\/posts"}],"about":[{"href":"https:\/\/blog.polityka.pl\/adamczewski\/wp-json\/wp\/v2\/types\/post"}],"author":[{"embeddable":true,"href":"https:\/\/blog.polityka.pl\/adamczewski\/wp-json\/wp\/v2\/users\/2"}],"replies":[{"embeddable":true,"href":"https:\/\/blog.polityka.pl\/adamczewski\/wp-json\/wp\/v2\/comments?post=11335"}],"version-history":[{"count":0,"href":"https:\/\/blog.polityka.pl\/adamczewski\/wp-json\/wp\/v2\/posts\/11335\/revisions"}],"wp:attachment":[{"href":"https:\/\/blog.polityka.pl\/adamczewski\/wp-json\/wp\/v2\/media?parent=11335"}],"wp:term":[{"taxonomy":"category","embeddable":true,"href":"https:\/\/blog.polityka.pl\/adamczewski\/wp-json\/wp\/v2\/categories?post=11335"},{"taxonomy":"post_tag","embeddable":true,"href":"https:\/\/blog.polityka.pl\/adamczewski\/wp-json\/wp\/v2\/tags?post=11335"}],"curies":[{"name":"wp","href":"https:\/\/api.w.org\/{rel}","templated":true}]}}