
{"id":11336,"date":"2013-04-19T09:51:44","date_gmt":"2013-04-19T08:51:44","guid":{"rendered":"http:\/\/adamczewscy.pl\/?p=4693"},"modified":"2013-04-19T09:51:44","modified_gmt":"2013-04-19T08:51:44","slug":"salatka-wiosenna","status":"publish","type":"post","link":"https:\/\/blog.polityka.pl\/adamczewski\/2013\/04\/19\/salatka-wiosenna\/","title":{"rendered":"Sa\u0142atka wiosenna"},"content":{"rendered":"<p><em>2 og\u00f3rki,kalarepka,2 p\u0119czki szczypiorku,10 dag kie\u0142k\u00f3w fasoli (lub innych), \u0142y\u017cka pra\u017conych pestek  z dyni<br \/>\nNa sos: 4 \u0142y\u017cki oleju ry\u017cowego lub z pestek winogron, \u0142y\u017ceczka octu jab\u0142kowego, \u0142y\u017cka posiekanego koperku, \u0142y\u017cka miodu, s\u00f3l, pieprz<\/em><\/p>\n<p>1. Sk\u0142adniki sosu umie\u015bci\u0107 w ma\u0142ym zakr\u0119canym s\u0142oiczku i dobrze wymiesza\u0107.<br \/>\n2. Umyte og\u00f3rki osuszy\u0107, pokroi\u0107 w pod\u0142u\u017cne cienkie plasterki, kalarepk\u0119 pokroi\u0107 w paski, szczypiorek posieka\u0107 a kie\u0142ki dobrze wyp\u0142uka\u0107 i os\u0105czy\u0107. Wymiesza\u0107 wszystkie sk\u0142adniki, pola\u0107 sosem i jeszcze raz wymiesza\u0107. Podawa\u0107 od razu.<\/p>\n","protected":false},"excerpt":{"rendered":"<p>2 og\u00f3rki,kalarepka,2 p\u0119czki szczypiorku,10 dag kie\u0142k\u00f3w fasoli (lub innych), \u0142y\u017cka pra\u017conych pestek z dyni Na sos: 4 \u0142y\u017cki oleju ry\u017cowego lub z pestek winogron, \u0142y\u017ceczka octu jab\u0142kowego, \u0142y\u017cka posiekanego koperku, \u0142y\u017cka miodu, s\u00f3l, pieprz 1. Sk\u0142adniki sosu umie\u015bci\u0107 w ma\u0142ym zakr\u0119canym s\u0142oiczku i dobrze wymiesza\u0107. 2. Umyte og\u00f3rki osuszy\u0107, pokroi\u0107 w pod\u0142u\u017cne cienkie plasterki, kalarepk\u0119 [&hellip;]<\/p>\n","protected":false},"author":2,"featured_media":0,"comment_status":"open","ping_status":"open","sticky":false,"template":"","format":"standard","meta":{"footnotes":""},"categories":[1],"tags":[],"_links":{"self":[{"href":"https:\/\/blog.polityka.pl\/adamczewski\/wp-json\/wp\/v2\/posts\/11336"}],"collection":[{"href":"https:\/\/blog.polityka.pl\/adamczewski\/wp-json\/wp\/v2\/posts"}],"about":[{"href":"https:\/\/blog.polityka.pl\/adamczewski\/wp-json\/wp\/v2\/types\/post"}],"author":[{"embeddable":true,"href":"https:\/\/blog.polityka.pl\/adamczewski\/wp-json\/wp\/v2\/users\/2"}],"replies":[{"embeddable":true,"href":"https:\/\/blog.polityka.pl\/adamczewski\/wp-json\/wp\/v2\/comments?post=11336"}],"version-history":[{"count":0,"href":"https:\/\/blog.polityka.pl\/adamczewski\/wp-json\/wp\/v2\/posts\/11336\/revisions"}],"wp:attachment":[{"href":"https:\/\/blog.polityka.pl\/adamczewski\/wp-json\/wp\/v2\/media?parent=11336"}],"wp:term":[{"taxonomy":"category","embeddable":true,"href":"https:\/\/blog.polityka.pl\/adamczewski\/wp-json\/wp\/v2\/categories?post=11336"},{"taxonomy":"post_tag","embeddable":true,"href":"https:\/\/blog.polityka.pl\/adamczewski\/wp-json\/wp\/v2\/tags?post=11336"}],"curies":[{"name":"wp","href":"https:\/\/api.w.org\/{rel}","templated":true}]}}