
{"id":11338,"date":"2013-04-19T09:54:57","date_gmt":"2013-04-19T08:54:57","guid":{"rendered":"http:\/\/adamczewscy.pl\/?p=4697"},"modified":"2013-04-19T09:54:57","modified_gmt":"2013-04-19T08:54:57","slug":"kruche-rogaliki","status":"publish","type":"post","link":"https:\/\/blog.polityka.pl\/adamczewski\/2013\/04\/19\/kruche-rogaliki\/","title":{"rendered":"Kruche rogaliki"},"content":{"rendered":"<p><em>Na ciasto: 3 szklanki krupczatki, szklanka kwa\u015bnej \u015bmietany, 25 dag mas\u0142a, szczypta soli, jajko, cukier puder<br \/>\nNa nadzienie: ok. 1\/2 szklanki dowolnego d\u017cemu<\/em><\/p>\n<p>1. Sk\u0142adniki ciasta przesieka\u0107 i szybko wyrobi\u0107. Uformowa\u0107 kul\u0119, kt\u00f3ra schowa\u0107 na godzin\u0119 do lod\u00f3wki.<br \/>\n2. Wyjmowa\u0107 z lod\u00f3wki po kawa\u0142ku wielko\u015bci po\u0142owy pi\u0119\u015bci, rozwa\u0142kowywa\u0107 na okr\u0105g\u0142y placek, pokroi\u0107 jak tort na   8 ?tr\u00f3jk\u0105cik\u00f3w?.<br \/>\n3. Na obrze\u017cu, na ka\u017cdym  kawa\u0142ku, uk\u0142ada\u0107 odrobin\u0119 d\u017cemu i zwija\u0107 rogaliki w kierunku do ostrego koniuszka. Zagina\u0107  w kszta\u0142t rogala.<br \/>\n4. Piec 20 minut w temperaturze 200 st. C, po wyj\u0119ciu z piekarnika posypa\u0107  cukrem pudrem.<\/p>\n","protected":false},"excerpt":{"rendered":"<p>Na ciasto: 3 szklanki krupczatki, szklanka kwa\u015bnej \u015bmietany, 25 dag mas\u0142a, szczypta soli, jajko, cukier puder Na nadzienie: ok. 1\/2 szklanki dowolnego d\u017cemu 1. Sk\u0142adniki ciasta przesieka\u0107 i szybko wyrobi\u0107. Uformowa\u0107 kul\u0119, kt\u00f3ra schowa\u0107 na godzin\u0119 do lod\u00f3wki. 2. Wyjmowa\u0107 z lod\u00f3wki po kawa\u0142ku wielko\u015bci po\u0142owy pi\u0119\u015bci, rozwa\u0142kowywa\u0107 na okr\u0105g\u0142y placek, pokroi\u0107 jak tort na [&hellip;]<\/p>\n","protected":false},"author":2,"featured_media":0,"comment_status":"open","ping_status":"open","sticky":false,"template":"","format":"standard","meta":{"footnotes":""},"categories":[1],"tags":[],"_links":{"self":[{"href":"https:\/\/blog.polityka.pl\/adamczewski\/wp-json\/wp\/v2\/posts\/11338"}],"collection":[{"href":"https:\/\/blog.polityka.pl\/adamczewski\/wp-json\/wp\/v2\/posts"}],"about":[{"href":"https:\/\/blog.polityka.pl\/adamczewski\/wp-json\/wp\/v2\/types\/post"}],"author":[{"embeddable":true,"href":"https:\/\/blog.polityka.pl\/adamczewski\/wp-json\/wp\/v2\/users\/2"}],"replies":[{"embeddable":true,"href":"https:\/\/blog.polityka.pl\/adamczewski\/wp-json\/wp\/v2\/comments?post=11338"}],"version-history":[{"count":0,"href":"https:\/\/blog.polityka.pl\/adamczewski\/wp-json\/wp\/v2\/posts\/11338\/revisions"}],"wp:attachment":[{"href":"https:\/\/blog.polityka.pl\/adamczewski\/wp-json\/wp\/v2\/media?parent=11338"}],"wp:term":[{"taxonomy":"category","embeddable":true,"href":"https:\/\/blog.polityka.pl\/adamczewski\/wp-json\/wp\/v2\/categories?post=11338"},{"taxonomy":"post_tag","embeddable":true,"href":"https:\/\/blog.polityka.pl\/adamczewski\/wp-json\/wp\/v2\/tags?post=11338"}],"curies":[{"name":"wp","href":"https:\/\/api.w.org\/{rel}","templated":true}]}}