
{"id":11339,"date":"2013-04-19T09:55:58","date_gmt":"2013-04-19T08:55:58","guid":{"rendered":"http:\/\/adamczewscy.pl\/?p=4699"},"modified":"2013-04-19T09:55:58","modified_gmt":"2013-04-19T08:55:58","slug":"cynamonowe-slimaczki","status":"publish","type":"post","link":"https:\/\/blog.polityka.pl\/adamczewski\/2013\/04\/19\/cynamonowe-slimaczki\/","title":{"rendered":"Cynamonowe \u015blimaczki"},"content":{"rendered":"<p><em>Na ciasto: 50 dag m\u0105ki, 1 i 1\/4 szklanki mleka, niepe\u0142na szklanka cukru, 20 dag mas\u0142a, jajko, opakowanie dro\u017cd\u017cy suszonych<br \/>\nNa mas\u0119: 2 \u0142y\u017cki stopionego mas\u0142a, 1,5 \u0142y\u017ceczki cynamonu, 6 \u0142y\u017cek br\u0105zowego cukru<\/em><\/p>\n<p>1. Do przesianej m\u0105ki doda\u0107  cukier i dro\u017cd\u017ce i jajko, wymiesza\u0107, doda\u0107 ciep\u0142e mleko i mi\u0119kkie mas\u0142o, dok\u0142adnie wyrobi\u0107 ciasto i odstawi\u0107  w ciep\u0142e miejsce na 40 minut do wyro\u015bni\u0119cia.<br \/>\n2. Wyro\u015bni\u0119te ciasto rozwa\u0142kowa\u0107 na prostok\u0105t, posmarowa\u0107 roztopionym mas\u0142em, posypa\u0107 cynamonem i cukrem, zwin\u0105\u0107 ciasny rulon, pokroi\u0107 rulon na 2 centymetrowe kr\u0105\u017cki.<br \/>\n3. Kr\u0105\u017cki u\u0142o\u017cy\u0107 na blaszce przekrojem  do g\u00f3ry.<\/p>\n","protected":false},"excerpt":{"rendered":"<p>Na ciasto: 50 dag m\u0105ki, 1 i 1\/4 szklanki mleka, niepe\u0142na szklanka cukru, 20 dag mas\u0142a, jajko, opakowanie dro\u017cd\u017cy suszonych Na mas\u0119: 2 \u0142y\u017cki stopionego mas\u0142a, 1,5 \u0142y\u017ceczki cynamonu, 6 \u0142y\u017cek br\u0105zowego cukru 1. Do przesianej m\u0105ki doda\u0107 cukier i dro\u017cd\u017ce i jajko, wymiesza\u0107, doda\u0107 ciep\u0142e mleko i mi\u0119kkie mas\u0142o, dok\u0142adnie wyrobi\u0107 ciasto i odstawi\u0107 [&hellip;]<\/p>\n","protected":false},"author":2,"featured_media":0,"comment_status":"open","ping_status":"open","sticky":false,"template":"","format":"standard","meta":{"footnotes":""},"categories":[1],"tags":[],"_links":{"self":[{"href":"https:\/\/blog.polityka.pl\/adamczewski\/wp-json\/wp\/v2\/posts\/11339"}],"collection":[{"href":"https:\/\/blog.polityka.pl\/adamczewski\/wp-json\/wp\/v2\/posts"}],"about":[{"href":"https:\/\/blog.polityka.pl\/adamczewski\/wp-json\/wp\/v2\/types\/post"}],"author":[{"embeddable":true,"href":"https:\/\/blog.polityka.pl\/adamczewski\/wp-json\/wp\/v2\/users\/2"}],"replies":[{"embeddable":true,"href":"https:\/\/blog.polityka.pl\/adamczewski\/wp-json\/wp\/v2\/comments?post=11339"}],"version-history":[{"count":0,"href":"https:\/\/blog.polityka.pl\/adamczewski\/wp-json\/wp\/v2\/posts\/11339\/revisions"}],"wp:attachment":[{"href":"https:\/\/blog.polityka.pl\/adamczewski\/wp-json\/wp\/v2\/media?parent=11339"}],"wp:term":[{"taxonomy":"category","embeddable":true,"href":"https:\/\/blog.polityka.pl\/adamczewski\/wp-json\/wp\/v2\/categories?post=11339"},{"taxonomy":"post_tag","embeddable":true,"href":"https:\/\/blog.polityka.pl\/adamczewski\/wp-json\/wp\/v2\/tags?post=11339"}],"curies":[{"name":"wp","href":"https:\/\/api.w.org\/{rel}","templated":true}]}}