
{"id":11340,"date":"2013-04-25T16:49:09","date_gmt":"2013-04-25T15:49:09","guid":{"rendered":"http:\/\/adamczewscy.pl\/?p=4724"},"modified":"2013-04-25T16:49:09","modified_gmt":"2013-04-25T15:49:09","slug":"szybkie-kremowe-babki","status":"publish","type":"post","link":"https:\/\/blog.polityka.pl\/adamczewski\/2013\/04\/25\/szybkie-kremowe-babki\/","title":{"rendered":"Szybkie kremowe babki"},"content":{"rendered":"<p><em>Opakowanie ciasta francuskiego<br \/>\n1,25 szklanki mleka, 2 \u0142y\u017cki cukru pudru, torebka budyniu  waniliowego<br \/>\nDo przybrania babek: 2 jab\u0142ka w czerwonej sk\u00f3rce, \u017c\u00f3\u0142tko<\/em><\/p>\n<p>1. Podzieli\u0107 ciasto francuskie na 12 kwadrat\u00f3w, wy\u0142o\u017cy\u0107 ciastem foremki na muffinki, poprzykrywa\u0107 dno ka\u017cdej babeczki kawa\u0142kiem pergaminu, posypa\u0107 ziarnami grochu lub fasoli, aby pozosta\u0142y p\u0142askie. Piec 10 minut w temperaturze 190 st. C.<br \/>\n2. Proszek budyniowy wymiesza\u0107 z cukrem i po\u0142owa szklanki mleka. Pozosta\u0142e zagotowa\u0107, po czym po\u0142\u0105czy\u0107  z mlekiem wymieszanym z proszkiem budyniowym, gotowa\u0107 mieszaj\u0105c oko\u0142o 2 min.<br \/>\n3. Do podpieczonych babek na\u0142o\u017cy\u0107 budy\u0144, przybra\u0107 pokrojonymi w plasterki jab\u0142kami, posmarowa\u0107 rozk\u0142\u00f3conym \u017c\u00f3\u0142tkiem i piec kolejne 10 minut w temperaturze 190 st. C.<\/p>\n","protected":false},"excerpt":{"rendered":"<p>Opakowanie ciasta francuskiego 1,25 szklanki mleka, 2 \u0142y\u017cki cukru pudru, torebka budyniu waniliowego Do przybrania babek: 2 jab\u0142ka w czerwonej sk\u00f3rce, \u017c\u00f3\u0142tko 1. Podzieli\u0107 ciasto francuskie na 12 kwadrat\u00f3w, wy\u0142o\u017cy\u0107 ciastem foremki na muffinki, poprzykrywa\u0107 dno ka\u017cdej babeczki kawa\u0142kiem pergaminu, posypa\u0107 ziarnami grochu lub fasoli, aby pozosta\u0142y p\u0142askie. Piec 10 minut w temperaturze 190 st. [&hellip;]<\/p>\n","protected":false},"author":2,"featured_media":0,"comment_status":"open","ping_status":"open","sticky":false,"template":"","format":"standard","meta":{"footnotes":""},"categories":[1],"tags":[],"_links":{"self":[{"href":"https:\/\/blog.polityka.pl\/adamczewski\/wp-json\/wp\/v2\/posts\/11340"}],"collection":[{"href":"https:\/\/blog.polityka.pl\/adamczewski\/wp-json\/wp\/v2\/posts"}],"about":[{"href":"https:\/\/blog.polityka.pl\/adamczewski\/wp-json\/wp\/v2\/types\/post"}],"author":[{"embeddable":true,"href":"https:\/\/blog.polityka.pl\/adamczewski\/wp-json\/wp\/v2\/users\/2"}],"replies":[{"embeddable":true,"href":"https:\/\/blog.polityka.pl\/adamczewski\/wp-json\/wp\/v2\/comments?post=11340"}],"version-history":[{"count":0,"href":"https:\/\/blog.polityka.pl\/adamczewski\/wp-json\/wp\/v2\/posts\/11340\/revisions"}],"wp:attachment":[{"href":"https:\/\/blog.polityka.pl\/adamczewski\/wp-json\/wp\/v2\/media?parent=11340"}],"wp:term":[{"taxonomy":"category","embeddable":true,"href":"https:\/\/blog.polityka.pl\/adamczewski\/wp-json\/wp\/v2\/categories?post=11340"},{"taxonomy":"post_tag","embeddable":true,"href":"https:\/\/blog.polityka.pl\/adamczewski\/wp-json\/wp\/v2\/tags?post=11340"}],"curies":[{"name":"wp","href":"https:\/\/api.w.org\/{rel}","templated":true}]}}